{"id":210702,"date":"2023-02-23T20:52:27","date_gmt":"2023-02-23T23:52:27","guid":{"rendered":"https:\/\/diarioregionaldigital.com.br\/?p=210702"},"modified":"2023-02-23T20:52:27","modified_gmt":"2023-02-23T23:52:27","slug":"travessa-julia-da-silva-no-bairro-sao-pedro-recebe-nova-pavimentacao-da-pjf","status":"publish","type":"post","link":"https:\/\/diarioregionaldigital.com.br\/?p=210702","title":{"rendered":"Travessa J\u00falia da Silva, no bairro S\u00e3o Pedro recebe nova pavimenta\u00e7\u00e3o da PJF"},"content":{"rendered":"<p>Segundo informa\u00e7\u00f5es do site da Prefeitura de Juiz de Fora (PJF), na \u00faltima semana, a Prefeitura de Juiz de Fora (PJF) concluiu a pavimenta\u00e7\u00e3o da travessa J\u00falia da Silva, localizada no bairro S\u00e3o Pedro. Antiga reivindica\u00e7\u00e3o dos moradores da regi\u00e3o, a pavimenta\u00e7\u00e3o foi realizada em toda a extens\u00e3o da travessa, cobrindo cem metros de extens\u00e3o e uma \u00e1rea total de 400m2. Foram aplicadas, aproximadamente, 42 toneladas de concreto betuminoso usinado \u00e0 quente (CBUQ ou massa asf\u00e1ltica).<\/p>\n<p>Os trabalhos seguem em andamento na cidade e a programa\u00e7\u00e3o di\u00e1ria completa pode ser conferida na p\u00e1gina do Gabinete de A\u00e7\u00e3o e Di\u00e1logo Comunit\u00e1rio atrav\u00e9s do<a href=\"https:\/\/www.pjf.mg.gov.br\/gabinetecomunitario\/#onde\">\u00a0<strong>link<\/strong><\/a>. Para solicitar servi\u00e7os de zeladoria em vias p\u00fablicas, como tapa-buracos, poda e corte de \u00e1rvores, limpeza de pra\u00e7as e outros, entre em contato com o Gabinete de A\u00e7\u00e3o e Di\u00e1logo Comunit\u00e1rio, atrav\u00e9s do telefone (32) 3690-7241 (liga\u00e7\u00e3o ou WhatsApp).<\/p>\n","protected":false},"excerpt":{"rendered":"<p>Segundo informa\u00e7\u00f5es do site da Prefeitura de Juiz de Fora (PJF), na \u00faltima semana, a Prefeitura de Juiz de Fora (PJF) concluiu a pavimenta\u00e7\u00e3o da travessa J\u00falia da Silva, localizada no bairro S\u00e3o Pedro. Antiga reivindica\u00e7\u00e3o dos moradores da regi\u00e3o, a pavimenta\u00e7\u00e3o foi realizada em toda a extens\u00e3o da travessa, cobrindo cem metros de extens\u00e3o [&hellip;]<\/p>\n","protected":false},"author":246,"featured_media":210704,"comment_status":"closed","ping_status":"closed","sticky":false,"template":"","format":"standard","meta":{"footnotes":""},"categories":[253,436,439],"tags":[],"class_list":["post-210702","post","type-post","status-publish","format-standard","has-post-thumbnail","hentry","category-cidade","category-destaque-da-semana","category-ultima-hora"],"_links":{"self":[{"href":"https:\/\/diarioregionaldigital.com.br\/index.php?rest_route=\/wp\/v2\/posts\/210702","targetHints":{"allow":["GET"]}}],"collection":[{"href":"https:\/\/diarioregionaldigital.com.br\/index.php?rest_route=\/wp\/v2\/posts"}],"about":[{"href":"https:\/\/diarioregionaldigital.com.br\/index.php?rest_route=\/wp\/v2\/types\/post"}],"author":[{"embeddable":true,"href":"https:\/\/diarioregionaldigital.com.br\/index.php?rest_route=\/wp\/v2\/users\/246"}],"replies":[{"embeddable":true,"href":"https:\/\/diarioregionaldigital.com.br\/index.php?rest_route=%2Fwp%2Fv2%2Fcomments&post=210702"}],"version-history":[{"count":1,"href":"https:\/\/diarioregionaldigital.com.br\/index.php?rest_route=\/wp\/v2\/posts\/210702\/revisions"}],"predecessor-version":[{"id":210705,"href":"https:\/\/diarioregionaldigital.com.br\/index.php?rest_route=\/wp\/v2\/posts\/210702\/revisions\/210705"}],"wp:featuredmedia":[{"embeddable":true,"href":"https:\/\/diarioregionaldigital.com.br\/index.php?rest_route=\/wp\/v2\/media\/210704"}],"wp:attachment":[{"href":"https:\/\/diarioregionaldigital.com.br\/index.php?rest_route=%2Fwp%2Fv2%2Fmedia&parent=210702"}],"wp:term":[{"taxonomy":"category","embeddable":true,"href":"https:\/\/diarioregionaldigital.com.br\/index.php?rest_route=%2Fwp%2Fv2%2Fcategories&post=210702"},{"taxonomy":"post_tag","embeddable":true,"href":"https:\/\/diarioregionaldigital.com.br\/index.php?rest_route=%2Fwp%2Fv2%2Ftags&post=210702"}],"curies":[{"name":"wp","href":"https:\/\/api.w.org\/{rel}","templated":true}]}}