{"id":210699,"date":"2023-02-23T20:50:42","date_gmt":"2023-02-23T23:50:42","guid":{"rendered":"https:\/\/diarioregionaldigital.com.br\/?p=210699"},"modified":"2023-02-23T20:50:42","modified_gmt":"2023-02-23T23:50:42","slug":"prefeitura-realiza-obra-de-contencao-no-bairro-democrata","status":"publish","type":"post","link":"https:\/\/diarioregionaldigital.com.br\/?p=210699","title":{"rendered":"Prefeitura realiza obra de conten\u00e7\u00e3o no bairro Democrata"},"content":{"rendered":"<p>Segundo informa\u00e7\u00f5es do site da Prefeitura de Juiz de Fora (PJF), a Secretaria de Obras (SO) da Prefeitura de Juiz de Fora (PJF) est\u00e1 realizando uma interven\u00e7\u00e3o na Avenida Vereador Laudelino Schettino entre as ruas Muria\u00e9 e Benjamin Guimar\u00e3es, no bairro Democrata. Com isso, a avenida ficar\u00e1 totalmente interditada para passagem de ve\u00edculos, tendo o trajeto de \u00f4nibus alterado pela Secretaria de Mobilidade Urbana (SMU), a partir da pr\u00f3xima segunda-feira, 27.<\/p>\n<div id=\"box_texto_noticia\">\n<p>Devido \u00e0s fortes chuvas do in\u00edcio do m\u00eas, o c\u00f3rrego S\u00e3o Pedro, que passa pelo bairro, precisar\u00e1 passar por uma obra de conten\u00e7\u00e3o em sua margem, para uma corre\u00e7\u00e3o de eros\u00e3o. A expectativa \u00e9 de que a obra dure cerca de 30 dias \u00fateis.<\/p>\n<p>Abaixo, confira como ficou o desvio das linhas de \u00f4nibus afetadas pela obra:<\/p>\n<\/div>\n<p>&nbsp;<\/p>\n<div class=\"texto_anexo\"><img loading=\"lazy\" decoding=\"async\" src=\"https:\/\/www.pjf.mg.gov.br\/imagens\/clips.jpg\" width=\"22\" height=\"20\" \/>\u00a0<a href=\"https:\/\/www.pjf.mg.gov.br\/noticias\/anexo\/OFICIO_DESVIO.pdf\" target=\"_blank\" rel=\"noopener\">Veja o anexo<\/a><\/div>\n","protected":false},"excerpt":{"rendered":"<p>Segundo informa\u00e7\u00f5es do site da Prefeitura de Juiz de Fora (PJF), a Secretaria de Obras (SO) da Prefeitura de Juiz de Fora (PJF) est\u00e1 realizando uma interven\u00e7\u00e3o na Avenida Vereador Laudelino Schettino entre as ruas Muria\u00e9 e Benjamin Guimar\u00e3es, no bairro Democrata. Com isso, a avenida ficar\u00e1 totalmente interditada para passagem de ve\u00edculos, tendo o [&hellip;]<\/p>\n","protected":false},"author":246,"featured_media":210700,"comment_status":"closed","ping_status":"closed","sticky":false,"template":"","format":"standard","meta":{"footnotes":""},"categories":[253,436,439],"tags":[],"class_list":["post-210699","post","type-post","status-publish","format-standard","has-post-thumbnail","hentry","category-cidade","category-destaque-da-semana","category-ultima-hora"],"_links":{"self":[{"href":"https:\/\/diarioregionaldigital.com.br\/index.php?rest_route=\/wp\/v2\/posts\/210699","targetHints":{"allow":["GET"]}}],"collection":[{"href":"https:\/\/diarioregionaldigital.com.br\/index.php?rest_route=\/wp\/v2\/posts"}],"about":[{"href":"https:\/\/diarioregionaldigital.com.br\/index.php?rest_route=\/wp\/v2\/types\/post"}],"author":[{"embeddable":true,"href":"https:\/\/diarioregionaldigital.com.br\/index.php?rest_route=\/wp\/v2\/users\/246"}],"replies":[{"embeddable":true,"href":"https:\/\/diarioregionaldigital.com.br\/index.php?rest_route=%2Fwp%2Fv2%2Fcomments&post=210699"}],"version-history":[{"count":1,"href":"https:\/\/diarioregionaldigital.com.br\/index.php?rest_route=\/wp\/v2\/posts\/210699\/revisions"}],"predecessor-version":[{"id":210701,"href":"https:\/\/diarioregionaldigital.com.br\/index.php?rest_route=\/wp\/v2\/posts\/210699\/revisions\/210701"}],"wp:featuredmedia":[{"embeddable":true,"href":"https:\/\/diarioregionaldigital.com.br\/index.php?rest_route=\/wp\/v2\/media\/210700"}],"wp:attachment":[{"href":"https:\/\/diarioregionaldigital.com.br\/index.php?rest_route=%2Fwp%2Fv2%2Fmedia&parent=210699"}],"wp:term":[{"taxonomy":"category","embeddable":true,"href":"https:\/\/diarioregionaldigital.com.br\/index.php?rest_route=%2Fwp%2Fv2%2Fcategories&post=210699"},{"taxonomy":"post_tag","embeddable":true,"href":"https:\/\/diarioregionaldigital.com.br\/index.php?rest_route=%2Fwp%2Fv2%2Ftags&post=210699"}],"curies":[{"name":"wp","href":"https:\/\/api.w.org\/{rel}","templated":true}]}}