{"id":210696,"date":"2023-02-23T20:48:19","date_gmt":"2023-02-23T23:48:19","guid":{"rendered":"https:\/\/diarioregionaldigital.com.br\/?p=210696"},"modified":"2023-02-23T20:48:19","modified_gmt":"2023-02-23T23:48:19","slug":"parque-municipal-recebe-mais-de-5-500-pessoas-durante-o-carnaval","status":"publish","type":"post","link":"https:\/\/diarioregionaldigital.com.br\/?p=210696","title":{"rendered":"Parque Municipal recebe mais de 5.500 pessoas durante o carnaval"},"content":{"rendered":"<p>Segundo informa\u00e7\u00f5es do site da Prefeitura de Juiz de Fora (PJF), o\u00a0feriado de Carnaval foi animado no Parque Municipal. Com o recesso, muitas pessoas aproveitaram a estrutura do local para se divertirem com a fam\u00edlia e amigos. O tempo ensolarado ajudou para que o espa\u00e7o da Prefeitura de Juiz de Fora (PJF) se tornasse um sucesso nesse recesso. Com atividades diversas, o circuito FoFo (Fora da folia) da PJF, ofereceu atra\u00e7\u00f5es culturais como a apresenta\u00e7\u00e3o do grupo de circo \u201cL\u00e1 na Lona\u201d e conta\u00e7\u00e3o de hist\u00f3rias com Vanda Maria Ferreira.<\/p>\n<p>Aberto ao p\u00fablico durante os dias 18, 19, 20 e 21 de fevereiro, o Parque Municipal recebeu ao todo 5.507 visitantes e emitiu mais de 550 carteirinhas\u00a0 para o complexo aqu\u00e1tico ao longo desse per\u00edodo. O destaque vai para ter\u00e7a-feira, 21, em que 2.622 pessoas frequentaram as instala\u00e7\u00f5es. As piscinas bombaram e mais de 1700 banhistas aproveitaram o calor feito na regi\u00e3o.<\/p>\n<p>O Parque Municipal est\u00e1 localizado na Rua do Contorno, 8, no bairro Nova Calif\u00f3rnia, e funciona das 8h \u00e0s 17h, permitindo a entrada de visitantes at\u00e9 as 16h. Para quem precisa do transporte p\u00fablico, as linhas que atendem o Parque s\u00e3o 520 (Aeroporto), 531 (Nova Calif\u00f3rnia) e 537 (Jardim da Serra), todos descritos no letreiro com \u201cVia Parque Municipal\u201d.<\/p>\n<p><strong>Outras Informa\u00e7\u00f5es:<\/strong><\/p>\n<p>(32) 3241-6532<\/p>\n<p>(32) 3690-3655<\/p>\n<p>Instagram: @parquemunicipaljf<\/p>\n","protected":false},"excerpt":{"rendered":"<p>Segundo informa\u00e7\u00f5es do site da Prefeitura de Juiz de Fora (PJF), o\u00a0feriado de Carnaval foi animado no Parque Municipal. Com o recesso, muitas pessoas aproveitaram a estrutura do local para se divertirem com a fam\u00edlia e amigos. O tempo ensolarado ajudou para que o espa\u00e7o da Prefeitura de Juiz de Fora (PJF) se tornasse um [&hellip;]<\/p>\n","protected":false},"author":246,"featured_media":210697,"comment_status":"closed","ping_status":"closed","sticky":false,"template":"","format":"standard","meta":{"footnotes":""},"categories":[253,436,439],"tags":[],"class_list":["post-210696","post","type-post","status-publish","format-standard","has-post-thumbnail","hentry","category-cidade","category-destaque-da-semana","category-ultima-hora"],"_links":{"self":[{"href":"https:\/\/diarioregionaldigital.com.br\/index.php?rest_route=\/wp\/v2\/posts\/210696","targetHints":{"allow":["GET"]}}],"collection":[{"href":"https:\/\/diarioregionaldigital.com.br\/index.php?rest_route=\/wp\/v2\/posts"}],"about":[{"href":"https:\/\/diarioregionaldigital.com.br\/index.php?rest_route=\/wp\/v2\/types\/post"}],"author":[{"embeddable":true,"href":"https:\/\/diarioregionaldigital.com.br\/index.php?rest_route=\/wp\/v2\/users\/246"}],"replies":[{"embeddable":true,"href":"https:\/\/diarioregionaldigital.com.br\/index.php?rest_route=%2Fwp%2Fv2%2Fcomments&post=210696"}],"version-history":[{"count":1,"href":"https:\/\/diarioregionaldigital.com.br\/index.php?rest_route=\/wp\/v2\/posts\/210696\/revisions"}],"predecessor-version":[{"id":210698,"href":"https:\/\/diarioregionaldigital.com.br\/index.php?rest_route=\/wp\/v2\/posts\/210696\/revisions\/210698"}],"wp:featuredmedia":[{"embeddable":true,"href":"https:\/\/diarioregionaldigital.com.br\/index.php?rest_route=\/wp\/v2\/media\/210697"}],"wp:attachment":[{"href":"https:\/\/diarioregionaldigital.com.br\/index.php?rest_route=%2Fwp%2Fv2%2Fmedia&parent=210696"}],"wp:term":[{"taxonomy":"category","embeddable":true,"href":"https:\/\/diarioregionaldigital.com.br\/index.php?rest_route=%2Fwp%2Fv2%2Fcategories&post=210696"},{"taxonomy":"post_tag","embeddable":true,"href":"https:\/\/diarioregionaldigital.com.br\/index.php?rest_route=%2Fwp%2Fv2%2Ftags&post=210696"}],"curies":[{"name":"wp","href":"https:\/\/api.w.org\/{rel}","templated":true}]}}