{"id":210690,"date":"2023-02-23T20:39:54","date_gmt":"2023-02-23T23:39:54","guid":{"rendered":"https:\/\/diarioregionaldigital.com.br\/?p=210690"},"modified":"2023-02-23T20:39:54","modified_gmt":"2023-02-23T23:39:54","slug":"selecao-do-panama-garante-vaga-no-grupo-do-brasil-na-copa-do-mundo","status":"publish","type":"post","link":"https:\/\/diarioregionaldigital.com.br\/?p=210690","title":{"rendered":"Sele\u00e7\u00e3o do Panam\u00e1 garante vaga no grupo do Brasil na Copa do Mundo"},"content":{"rendered":"<p>A sele\u00e7\u00e3o feminina finalmente conheceu o \u00faltimo advers\u00e1rio que ainda faltava ser definido no Grupo F da Copa do Mundo. Ap\u00f3s vit\u00f3ria de 1 a 0 sobre o Paraguai no final da noite da \u00faltima quarta-feira (22), o Panam\u00e1 se juntou ao Brasil na chave, que tamb\u00e9m conta com a Fran\u00e7a e a Jamaica.<img decoding=\"async\" src=\"https:\/\/agenciabrasil.ebc.com.br\/ebc.png?id=1512495&amp;o=node\" \/><img decoding=\"async\" src=\"https:\/\/agenciabrasil.ebc.com.br\/ebc.gif?id=1512495&amp;o=node\" \/><\/p>\n<p>A equipe da Concacaf (Confedera\u00e7\u00e3o de Futebol da Am\u00e9rica do Norte, Central e Caribe) ser\u00e1 justamente a advers\u00e1ria da sele\u00e7\u00e3o canarinho na estreia na competi\u00e7\u00e3o, no dia 24 de julho em Adelaide (Austr\u00e1lia). Depois a equipe brasileira medir\u00e1 for\u00e7as com a Fran\u00e7a, no dia 29 em Brisbane (Austr\u00e1lia). O \u00faltimo confronto do Brasil na fase inicial ser\u00e1 em 2 de agosto, diante da Jamaica, em Melbourne (Austr\u00e1lia).<\/p>\n<p>Al\u00e9m do Panam\u00e1, outras duas equipes se garantiram no Mundial, que ser\u00e1 disputado entre os dias 20 de julho e 20 de agosto de 2023 na Austr\u00e1lia e na Nova Zel\u00e2ndia. O Haiti completa o Grupo D, ao lado de Inglaterra, China e Dinamarca. J\u00e1 Portugal segue para o E com Estados Unidos, Holanda e Vietn\u00e3.<\/p>\n<p><span style=\"font-weight: 400;\">Fonte: Ag\u00eancia Brasil <\/span><\/p>\n","protected":false},"excerpt":{"rendered":"<p>A sele\u00e7\u00e3o feminina finalmente conheceu o \u00faltimo advers\u00e1rio que ainda faltava ser definido no Grupo F da Copa do Mundo. Ap\u00f3s vit\u00f3ria de 1 a 0 sobre o Paraguai no final da noite da \u00faltima quarta-feira (22), o Panam\u00e1 se juntou ao Brasil na chave, que tamb\u00e9m conta com a Fran\u00e7a e a Jamaica. A [&hellip;]<\/p>\n","protected":false},"author":246,"featured_media":210691,"comment_status":"closed","ping_status":"closed","sticky":false,"template":"","format":"standard","meta":{"footnotes":""},"categories":[436,257,439],"tags":[],"class_list":["post-210690","post","type-post","status-publish","format-standard","has-post-thumbnail","hentry","category-destaque-da-semana","category-esporte","category-ultima-hora"],"_links":{"self":[{"href":"https:\/\/diarioregionaldigital.com.br\/index.php?rest_route=\/wp\/v2\/posts\/210690","targetHints":{"allow":["GET"]}}],"collection":[{"href":"https:\/\/diarioregionaldigital.com.br\/index.php?rest_route=\/wp\/v2\/posts"}],"about":[{"href":"https:\/\/diarioregionaldigital.com.br\/index.php?rest_route=\/wp\/v2\/types\/post"}],"author":[{"embeddable":true,"href":"https:\/\/diarioregionaldigital.com.br\/index.php?rest_route=\/wp\/v2\/users\/246"}],"replies":[{"embeddable":true,"href":"https:\/\/diarioregionaldigital.com.br\/index.php?rest_route=%2Fwp%2Fv2%2Fcomments&post=210690"}],"version-history":[{"count":1,"href":"https:\/\/diarioregionaldigital.com.br\/index.php?rest_route=\/wp\/v2\/posts\/210690\/revisions"}],"predecessor-version":[{"id":210692,"href":"https:\/\/diarioregionaldigital.com.br\/index.php?rest_route=\/wp\/v2\/posts\/210690\/revisions\/210692"}],"wp:featuredmedia":[{"embeddable":true,"href":"https:\/\/diarioregionaldigital.com.br\/index.php?rest_route=\/wp\/v2\/media\/210691"}],"wp:attachment":[{"href":"https:\/\/diarioregionaldigital.com.br\/index.php?rest_route=%2Fwp%2Fv2%2Fmedia&parent=210690"}],"wp:term":[{"taxonomy":"category","embeddable":true,"href":"https:\/\/diarioregionaldigital.com.br\/index.php?rest_route=%2Fwp%2Fv2%2Fcategories&post=210690"},{"taxonomy":"post_tag","embeddable":true,"href":"https:\/\/diarioregionaldigital.com.br\/index.php?rest_route=%2Fwp%2Fv2%2Ftags&post=210690"}],"curies":[{"name":"wp","href":"https:\/\/api.w.org\/{rel}","templated":true}]}}