{"id":210687,"date":"2023-02-23T20:38:28","date_gmt":"2023-02-23T23:38:28","guid":{"rendered":"https:\/\/diarioregionaldigital.com.br\/?p=210687"},"modified":"2023-02-23T20:38:28","modified_gmt":"2023-02-23T23:38:28","slug":"bolsa-atleta-bate-recorde-historico-com-mais-de-82-mil-solicitacoes","status":"publish","type":"post","link":"https:\/\/diarioregionaldigital.com.br\/?p=210687","title":{"rendered":"Bolsa Atleta bate recorde hist\u00f3rico com mais de 8,2 mil solicita\u00e7\u00f5es"},"content":{"rendered":"<p>O Bolsa Atleta, programa do\u00a0<a href=\"https:\/\/www.gov.br\/cidadania\/pt-br\/noticias-e-conteudos\/esporte\/noticias_esporte\/com-mais-de-8-2-mil-solicitacoes-bolsa-atleta-bate-recorde-historico-do-programa\">Minist\u00e9rio do Esporte,<\/a>\u00a0quebrou este ano o recorde hist\u00f3rico de solicita\u00e7\u00f5es. Foram feitos 8.621 pedidos de bolsa at\u00e9 \u00e0s 23h59 da \u00faltima sexta-feira (17), quando terminou o prazo de inscri\u00e7\u00f5es. O total de requisi\u00e7\u00f5es superou em 12,58% o registrado no edital unificado do programa de 2019\/2021,\u00a0que at\u00e9 ent\u00e3o detinha o n\u00famero mais elevados de pedidos desde 2005, quando o Bolsa Atleta foi criado em 2005. Alista de contemplados tem previs\u00e3o de sair entre os dias\u00a011 e 15 de abril.\u00a0<img decoding=\"async\" src=\"https:\/\/agenciabrasil.ebc.com.br\/ebc.png?id=1512491&amp;o=node\" \/><img decoding=\"async\" src=\"https:\/\/agenciabrasil.ebc.com.br\/ebc.gif?id=1512491&amp;o=node\" \/><\/p>\n<blockquote><p>\u201cComemoramos esse recorde de inscri\u00e7\u00f5es logo no in\u00edcio da nossa gest\u00e3o e da volta do Minist\u00e9rio do Esporte. O Programa Bolsa Atleta j\u00e1 faz parte da realidade dos nossos esportistas, que podem contar com o apoio do Governo Federal para continuarem se dedicando aos treinos e \u00e0s competi\u00e7\u00f5es\u201d, afirmou a ministra do Esporte Ana Moser. \u201cS\u00e3o contempladas desde as categorias de base, o que permite que os mais jovens tenham condi\u00e7\u00f5es de seguir treinando\u201d, completou.<\/p><\/blockquote>\n<p>O or\u00e7amento do programa este ano passa de R$ 80 milh\u00f5es para modalidades ol\u00edmpicas e paral\u00edmpicas. O montante ser\u00e1 distribu\u00eddo por seis categorias de bolsa: atletas de base, estudantil, nacional, internacional, ol\u00edmpico\/paral\u00edmpico. Conforme a categoria, o valor mensal varia entre R$ 370 (atleta de base) a e R$ 3.100.<\/p>\n<p>O maior n\u00famero de solicita\u00e7\u00f5es (5.535) foi para a categoria de bolsa nacional. Em seguida est\u00e3o internacional (1.474), estudantil (610), ol\u00edmpico\/paral\u00edmpico (441) e base (399).<\/p>\n<p>O atletismo paral\u00edmpico foi a modalidade que registrou o maior n\u00famero de pedidos: 731. Depois aparecem atletismo ol\u00edmpico (613) e handebol e a nata\u00e7\u00e3o &#8211; ambos com om 359 inscri\u00e7\u00f5es cada.<\/p>\n<p>Desde o primeiro ano do programa, o\u00a0Bolsa Atleta j\u00e1 beneficiou 31.985 esportistas, com recursos distribu\u00eddos por meio de\u00a087.873 bolsas.<\/p>\n<p>O programa do Minist\u00e9rio do Esporte\u00a0abarca ainda a categoria p\u00f3dio (reservada a quem se destaca nos cen\u00e1rios ol\u00edmpico e paral\u00edmpico), para a qual est\u00e3o destinados este ano R$ 40 milh\u00f5es. As inscri\u00e7\u00f5es terminaram no \u00faltimo dia 27 e o total de pedidos ainda ser\u00e1 divulgado.\u00a0Para pleitear a categoria\u00a0p\u00f3dio do Bolsa Atleta\u00a0\u00a0\u2013 os repasses mensais variam de R$ 5 mil a R$ 15 mil \u2013 os solicitantes\u00a0precisam estar entre os 20 melhores do mundo em modalidades ol\u00edmpica ou paral\u00edmpica. A rela\u00e7\u00e3o de contemplados sair\u00e1 em\u00a028 de abril.<\/p>\n<p><span style=\"font-weight: 400;\"><br \/>\n<\/span><span style=\"font-weight: 400;\">Fonte: Ag\u00eancia Brasil <\/span><\/p>\n","protected":false},"excerpt":{"rendered":"<p>O Bolsa Atleta, programa do\u00a0Minist\u00e9rio do Esporte,\u00a0quebrou este ano o recorde hist\u00f3rico de solicita\u00e7\u00f5es. Foram feitos 8.621 pedidos de bolsa at\u00e9 \u00e0s 23h59 da \u00faltima sexta-feira (17), quando terminou o prazo de inscri\u00e7\u00f5es. O total de requisi\u00e7\u00f5es superou em 12,58% o registrado no edital unificado do programa de 2019\/2021,\u00a0que at\u00e9 ent\u00e3o detinha o n\u00famero mais [&hellip;]<\/p>\n","protected":false},"author":246,"featured_media":210688,"comment_status":"closed","ping_status":"closed","sticky":false,"template":"","format":"standard","meta":{"footnotes":""},"categories":[436,257,439],"tags":[],"class_list":["post-210687","post","type-post","status-publish","format-standard","has-post-thumbnail","hentry","category-destaque-da-semana","category-esporte","category-ultima-hora"],"_links":{"self":[{"href":"https:\/\/diarioregionaldigital.com.br\/index.php?rest_route=\/wp\/v2\/posts\/210687","targetHints":{"allow":["GET"]}}],"collection":[{"href":"https:\/\/diarioregionaldigital.com.br\/index.php?rest_route=\/wp\/v2\/posts"}],"about":[{"href":"https:\/\/diarioregionaldigital.com.br\/index.php?rest_route=\/wp\/v2\/types\/post"}],"author":[{"embeddable":true,"href":"https:\/\/diarioregionaldigital.com.br\/index.php?rest_route=\/wp\/v2\/users\/246"}],"replies":[{"embeddable":true,"href":"https:\/\/diarioregionaldigital.com.br\/index.php?rest_route=%2Fwp%2Fv2%2Fcomments&post=210687"}],"version-history":[{"count":1,"href":"https:\/\/diarioregionaldigital.com.br\/index.php?rest_route=\/wp\/v2\/posts\/210687\/revisions"}],"predecessor-version":[{"id":210689,"href":"https:\/\/diarioregionaldigital.com.br\/index.php?rest_route=\/wp\/v2\/posts\/210687\/revisions\/210689"}],"wp:featuredmedia":[{"embeddable":true,"href":"https:\/\/diarioregionaldigital.com.br\/index.php?rest_route=\/wp\/v2\/media\/210688"}],"wp:attachment":[{"href":"https:\/\/diarioregionaldigital.com.br\/index.php?rest_route=%2Fwp%2Fv2%2Fmedia&parent=210687"}],"wp:term":[{"taxonomy":"category","embeddable":true,"href":"https:\/\/diarioregionaldigital.com.br\/index.php?rest_route=%2Fwp%2Fv2%2Fcategories&post=210687"},{"taxonomy":"post_tag","embeddable":true,"href":"https:\/\/diarioregionaldigital.com.br\/index.php?rest_route=%2Fwp%2Fv2%2Ftags&post=210687"}],"curies":[{"name":"wp","href":"https:\/\/api.w.org\/{rel}","templated":true}]}}