{"id":210684,"date":"2023-02-23T20:35:29","date_gmt":"2023-02-23T23:35:29","guid":{"rendered":"https:\/\/diarioregionaldigital.com.br\/?p=210684"},"modified":"2023-02-23T20:35:29","modified_gmt":"2023-02-23T23:35:29","slug":"abner-teixeira-garante-1a-medalha-do-brasil-no-torneio-de-strandja","status":"publish","type":"post","link":"https:\/\/diarioregionaldigital.com.br\/?p=210684","title":{"rendered":"Abner Teixeira garante 1\u00aa medalha do Brasil no Torneio de Strandja"},"content":{"rendered":"<p>Abner Teixeira derrotou o franc\u00eas Dili Djamili por decis\u00e3o dividida, nesta quinta-feira (23), e se classificou para as semifinais do Torneio de Strandja, que \u00e9 disputado em S\u00f3fia (Bulg\u00e1ria). Com isso, o medalhista ol\u00edmpico garantiu a primeira medalha do Brasil na categoria acima de 92 quilos da competi\u00e7\u00e3o (ao menos a de bronze, j\u00e1 que n\u00e3o h\u00e1 disputa pelo terceiro lugar).<img decoding=\"async\" src=\"https:\/\/agenciabrasil.ebc.com.br\/ebc.png?id=1512518&amp;o=node\" \/><img decoding=\"async\" src=\"https:\/\/agenciabrasil.ebc.com.br\/ebc.gif?id=1512518&amp;o=node\" \/><\/p>\n<p>Agora o brasileiro ter\u00e1 como advers\u00e1rio o arm\u00eanio Davit Chaloyan, que passou pelo alem\u00e3o Nikita Putilov nas quartas. O duelo ser\u00e1 realizado na tarde do pr\u00f3ximo s\u00e1bado (25).<\/p>\n<p>Outro atleta do Brasil a vencer nesta quinta foi Keno Marley Machado. Na categoria at\u00e9 92 quilos, ele estreou derrotando o turco Acar Berat para garantir a passagem para as quartas de final. O baiano agora mede for\u00e7as com o uzbeque Lazizbek Mullojonov na tarde desta sexta-feira (24).<\/p>\n<p><span style=\"font-weight: 400;\">Fonte: Ag\u00eancia Brasil <\/span><\/p>\n","protected":false},"excerpt":{"rendered":"<p>Abner Teixeira derrotou o franc\u00eas Dili Djamili por decis\u00e3o dividida, nesta quinta-feira (23), e se classificou para as semifinais do Torneio de Strandja, que \u00e9 disputado em S\u00f3fia (Bulg\u00e1ria). Com isso, o medalhista ol\u00edmpico garantiu a primeira medalha do Brasil na categoria acima de 92 quilos da competi\u00e7\u00e3o (ao menos a de bronze, j\u00e1 que [&hellip;]<\/p>\n","protected":false},"author":246,"featured_media":210685,"comment_status":"closed","ping_status":"closed","sticky":false,"template":"","format":"standard","meta":{"footnotes":""},"categories":[436,254,439],"tags":[],"class_list":["post-210684","post","type-post","status-publish","format-standard","has-post-thumbnail","hentry","category-destaque-da-semana","category-politica","category-ultima-hora"],"_links":{"self":[{"href":"https:\/\/diarioregionaldigital.com.br\/index.php?rest_route=\/wp\/v2\/posts\/210684","targetHints":{"allow":["GET"]}}],"collection":[{"href":"https:\/\/diarioregionaldigital.com.br\/index.php?rest_route=\/wp\/v2\/posts"}],"about":[{"href":"https:\/\/diarioregionaldigital.com.br\/index.php?rest_route=\/wp\/v2\/types\/post"}],"author":[{"embeddable":true,"href":"https:\/\/diarioregionaldigital.com.br\/index.php?rest_route=\/wp\/v2\/users\/246"}],"replies":[{"embeddable":true,"href":"https:\/\/diarioregionaldigital.com.br\/index.php?rest_route=%2Fwp%2Fv2%2Fcomments&post=210684"}],"version-history":[{"count":1,"href":"https:\/\/diarioregionaldigital.com.br\/index.php?rest_route=\/wp\/v2\/posts\/210684\/revisions"}],"predecessor-version":[{"id":210686,"href":"https:\/\/diarioregionaldigital.com.br\/index.php?rest_route=\/wp\/v2\/posts\/210684\/revisions\/210686"}],"wp:featuredmedia":[{"embeddable":true,"href":"https:\/\/diarioregionaldigital.com.br\/index.php?rest_route=\/wp\/v2\/media\/210685"}],"wp:attachment":[{"href":"https:\/\/diarioregionaldigital.com.br\/index.php?rest_route=%2Fwp%2Fv2%2Fmedia&parent=210684"}],"wp:term":[{"taxonomy":"category","embeddable":true,"href":"https:\/\/diarioregionaldigital.com.br\/index.php?rest_route=%2Fwp%2Fv2%2Fcategories&post=210684"},{"taxonomy":"post_tag","embeddable":true,"href":"https:\/\/diarioregionaldigital.com.br\/index.php?rest_route=%2Fwp%2Fv2%2Ftags&post=210684"}],"curies":[{"name":"wp","href":"https:\/\/api.w.org\/{rel}","templated":true}]}}