{"id":210678,"date":"2023-02-23T20:22:46","date_gmt":"2023-02-23T23:22:46","guid":{"rendered":"https:\/\/diarioregionaldigital.com.br\/?p=210678"},"modified":"2023-02-23T20:22:46","modified_gmt":"2023-02-23T23:22:46","slug":"governo-libera-mais-r-2-milhoes-para-cidades-do-litoral-norte-de-sp","status":"publish","type":"post","link":"https:\/\/diarioregionaldigital.com.br\/?p=210678","title":{"rendered":"Governo libera mais R$ 2 milh\u00f5es para cidades do litoral norte de SP"},"content":{"rendered":"<p>O governo federal autorizou nesta quinta-feira (23) o repasse de mais R$ 2\u00a0milh\u00f5es\u00a0para tr\u00eas\u00a0cidades do litoral norte paulista afetadas pelos temporais que provocaram enxurradas e deslizamentos de terra.<img decoding=\"async\" src=\"https:\/\/agenciabrasil.ebc.com.br\/ebc.png?id=1512501&amp;o=node\" \/><img decoding=\"async\" src=\"https:\/\/agenciabrasil.ebc.com.br\/ebc.gif?id=1512501&amp;o=node\" \/><\/p>\n<p>Do total, R$ 1,3 milh\u00e3o ir\u00e3o para Caraguatatuba, R$ 456 mil para S\u00e3o Sebasti\u00e3o e R$ 284 mil para Ubatuba. As portarias com os repasses foram publicadas na edi\u00e7\u00e3o de hoje do Di\u00e1rio Oficial da Uni\u00e3o.<\/p>\n<p><a href=\"https:\/\/agenciabrasil.ebc.com.br\/geral\/noticia\/2023-02\/governo-destina-r-7-milhoes-para-o-litoral-norte-de-sao-paulo-ajuda-ao-litoral-de-sp\" target=\"_blank\" rel=\"noopener\">Com os R$ 7 milh\u00f5es anunciados ontem (22) para S\u00e3o Sebasti\u00e3o<\/a>, R$ 9\u00a0milh\u00f5es j\u00e1 foram autorizados para socorrer os munic\u00edpios afetados.<\/p>\n<p>Os recursos podem ser usados para compra de cestas b\u00e1sicas, kits de limpeza e de higiene pessoal, colch\u00f5es, refei\u00e7\u00f5es, \u00e1gua mineral, combust\u00edvel e aluguel de caminh\u00e3o-pipa. As prefeituras devem prestar contas ao final, em um prazo de 30 dias.<\/p>\n<p>Na \u00faltima segunda-feira (20), o governo federal reconheceu o estado de calamidade p\u00fablica em seis munic\u00edpios paulistas: S\u00e3o Sebasti\u00e3o, Caraguatatuba, Guaruj\u00e1, Bertioga, Ilhabela e Ubatuba.<\/p>\n<p>O n\u00famero de mortos no litoral norte de S\u00e3o Paulo\u00a0<a href=\"https:\/\/agenciabrasil.ebc.com.br\/geral\/noticia\/2023-02\/sobe-para-49-o-numero-de-mortos-no-litoral-norte-de-sao-paulo\" target=\"_blank\" rel=\"noopener\">subiu para 49<\/a>, sendo 48 em S\u00e3o Sebasti\u00e3o, e uma de Ubatuba. J\u00e1 foram identificados 38 corpos \u2013 13 homens, 12 mulheres e 13 crian\u00e7as.<\/p>\n<p>Equipes de resgate trabalham para encontrar pessoas desaparecidas. Os trabalhos se concentram na Barra do Sahy, bairro de S\u00e3o Sebasti\u00e3o, onde v\u00e1rias casas foram soterradas e pessoas foram arrastadas por uma avalanche de lama nas ruas.<\/p>\n<p><span style=\"font-weight: 400;\">Fonte: Ag\u00eancia Brasil <\/span><\/p>\n","protected":false},"excerpt":{"rendered":"<p>O governo federal autorizou nesta quinta-feira (23) o repasse de mais R$ 2\u00a0milh\u00f5es\u00a0para tr\u00eas\u00a0cidades do litoral norte paulista afetadas pelos temporais que provocaram enxurradas e deslizamentos de terra. Do total, R$ 1,3 milh\u00e3o ir\u00e3o para Caraguatatuba, R$ 456 mil para S\u00e3o Sebasti\u00e3o e R$ 284 mil para Ubatuba. As portarias com os repasses foram publicadas [&hellip;]<\/p>\n","protected":false},"author":246,"featured_media":210679,"comment_status":"closed","ping_status":"closed","sticky":false,"template":"","format":"standard","meta":{"footnotes":""},"categories":[436,254,439],"tags":[],"class_list":["post-210678","post","type-post","status-publish","format-standard","has-post-thumbnail","hentry","category-destaque-da-semana","category-politica","category-ultima-hora"],"_links":{"self":[{"href":"https:\/\/diarioregionaldigital.com.br\/index.php?rest_route=\/wp\/v2\/posts\/210678","targetHints":{"allow":["GET"]}}],"collection":[{"href":"https:\/\/diarioregionaldigital.com.br\/index.php?rest_route=\/wp\/v2\/posts"}],"about":[{"href":"https:\/\/diarioregionaldigital.com.br\/index.php?rest_route=\/wp\/v2\/types\/post"}],"author":[{"embeddable":true,"href":"https:\/\/diarioregionaldigital.com.br\/index.php?rest_route=\/wp\/v2\/users\/246"}],"replies":[{"embeddable":true,"href":"https:\/\/diarioregionaldigital.com.br\/index.php?rest_route=%2Fwp%2Fv2%2Fcomments&post=210678"}],"version-history":[{"count":1,"href":"https:\/\/diarioregionaldigital.com.br\/index.php?rest_route=\/wp\/v2\/posts\/210678\/revisions"}],"predecessor-version":[{"id":210680,"href":"https:\/\/diarioregionaldigital.com.br\/index.php?rest_route=\/wp\/v2\/posts\/210678\/revisions\/210680"}],"wp:featuredmedia":[{"embeddable":true,"href":"https:\/\/diarioregionaldigital.com.br\/index.php?rest_route=\/wp\/v2\/media\/210679"}],"wp:attachment":[{"href":"https:\/\/diarioregionaldigital.com.br\/index.php?rest_route=%2Fwp%2Fv2%2Fmedia&parent=210678"}],"wp:term":[{"taxonomy":"category","embeddable":true,"href":"https:\/\/diarioregionaldigital.com.br\/index.php?rest_route=%2Fwp%2Fv2%2Fcategories&post=210678"},{"taxonomy":"post_tag","embeddable":true,"href":"https:\/\/diarioregionaldigital.com.br\/index.php?rest_route=%2Fwp%2Fv2%2Ftags&post=210678"}],"curies":[{"name":"wp","href":"https:\/\/api.w.org\/{rel}","templated":true}]}}