{"id":210675,"date":"2023-02-23T20:17:56","date_gmt":"2023-02-23T23:17:56","guid":{"rendered":"https:\/\/diarioregionaldigital.com.br\/?p=210675"},"modified":"2023-02-23T20:17:56","modified_gmt":"2023-02-23T23:17:56","slug":"espaco-aereo-yanomami-sera-fechado-em-6-de-abril","status":"publish","type":"post","link":"https:\/\/diarioregionaldigital.com.br\/?p=210675","title":{"rendered":"Espa\u00e7o a\u00e9reo yanomami ser\u00e1 fechado em 6 de abril"},"content":{"rendered":"<p>O espa\u00e7o a\u00e9reo do Territ\u00f3rio Ind\u00edgena Yanomami, em Roraima, ser\u00e1 fechado novamente em 6 de abril\u00a0<a href=\"https:\/\/agenciabrasil.ebc.com.br\/geral\/noticia\/2023-02\/fab-mantera-abertura-parcial-do-espaco-aereo-yanomami-ate-maio\" target=\"_blank\" rel=\"noopener\">e n\u00e3o mais em 6 de maio<\/a>, como a For\u00e7a A\u00e9rea Brasileira (FAB) havia informado num primeiro momento. A decis\u00e3o foi tomada durante reuni\u00e3o entre os minist\u00e9rios da Justi\u00e7a e Seguran\u00e7a P\u00fablica e da Defesa, nesta quinta-feira (23).<img decoding=\"async\" src=\"https:\/\/agenciabrasil.ebc.com.br\/ebc.png?id=1512482&amp;o=node\" \/><img decoding=\"async\" src=\"https:\/\/agenciabrasil.ebc.com.br\/ebc.gif?id=1512482&amp;o=node\" \/><\/p>\n<p>&#8220;\u00c9 importante para desestimular a quest\u00e3o do garimpo. Evidentemente que, nesses \u00faltimos dias, tem acontecido um, dois voos, no m\u00e1ximo. Ent\u00e3o, n\u00f3s vamos dar mais esse prazo para, a partir do dia 6 de abril, fechar completamente&#8221;, disse o ministro da Defesa, Jos\u00e9 M\u00facio Monteiro.<\/p>\n<p>O ministro da Justi\u00e7a e Seguran\u00e7a P\u00fablica, Fl\u00e1vio Dino, avaliou que houve uma redu\u00e7\u00e3o significativa do garimpo ilegal na regi\u00e3o, com voos encabe\u00e7ados por garimpeiros sendo reduzidos a praticamente zero, em alguns casos.<\/p>\n<p>&#8220;Como h\u00e1 ainda duas ou tr\u00eas \u00e1reas em que as pessoas est\u00e3o insistindo [em ficar], nessa nova fase vai haver o fechamento do corredor, no que se refere ao tr\u00e1fego a\u00e9reo. E n\u00f3s vamos agora, j\u00e1 na pr\u00f3xima semana, intensificar pris\u00f5es das pessoas que est\u00e3o, infelizmente, descumprindo a lei e fazendo garimpo no territ\u00f3rio yanomami&#8221;, disse.<\/p>\n<p>Os ministros tamb\u00e9m anunciaram que o Instituto Brasileiro de Geografia e Estat\u00edstica (IBGE) vai realizar uma esp\u00e9cie de censo no territ\u00f3rio yanomami para identificar e coletar dados.<\/p>\n<p><span style=\"font-weight: 400;\">Fonte: Ag\u00eancia Brasil <\/span><\/p>\n","protected":false},"excerpt":{"rendered":"<p>O espa\u00e7o a\u00e9reo do Territ\u00f3rio Ind\u00edgena Yanomami, em Roraima, ser\u00e1 fechado novamente em 6 de abril\u00a0e n\u00e3o mais em 6 de maio, como a For\u00e7a A\u00e9rea Brasileira (FAB) havia informado num primeiro momento. A decis\u00e3o foi tomada durante reuni\u00e3o entre os minist\u00e9rios da Justi\u00e7a e Seguran\u00e7a P\u00fablica e da Defesa, nesta quinta-feira (23). &#8220;\u00c9 importante [&hellip;]<\/p>\n","protected":false},"author":246,"featured_media":210676,"comment_status":"closed","ping_status":"closed","sticky":false,"template":"","format":"standard","meta":{"footnotes":""},"categories":[436,254,439],"tags":[],"class_list":["post-210675","post","type-post","status-publish","format-standard","has-post-thumbnail","hentry","category-destaque-da-semana","category-politica","category-ultima-hora"],"_links":{"self":[{"href":"https:\/\/diarioregionaldigital.com.br\/index.php?rest_route=\/wp\/v2\/posts\/210675","targetHints":{"allow":["GET"]}}],"collection":[{"href":"https:\/\/diarioregionaldigital.com.br\/index.php?rest_route=\/wp\/v2\/posts"}],"about":[{"href":"https:\/\/diarioregionaldigital.com.br\/index.php?rest_route=\/wp\/v2\/types\/post"}],"author":[{"embeddable":true,"href":"https:\/\/diarioregionaldigital.com.br\/index.php?rest_route=\/wp\/v2\/users\/246"}],"replies":[{"embeddable":true,"href":"https:\/\/diarioregionaldigital.com.br\/index.php?rest_route=%2Fwp%2Fv2%2Fcomments&post=210675"}],"version-history":[{"count":1,"href":"https:\/\/diarioregionaldigital.com.br\/index.php?rest_route=\/wp\/v2\/posts\/210675\/revisions"}],"predecessor-version":[{"id":210677,"href":"https:\/\/diarioregionaldigital.com.br\/index.php?rest_route=\/wp\/v2\/posts\/210675\/revisions\/210677"}],"wp:featuredmedia":[{"embeddable":true,"href":"https:\/\/diarioregionaldigital.com.br\/index.php?rest_route=\/wp\/v2\/media\/210676"}],"wp:attachment":[{"href":"https:\/\/diarioregionaldigital.com.br\/index.php?rest_route=%2Fwp%2Fv2%2Fmedia&parent=210675"}],"wp:term":[{"taxonomy":"category","embeddable":true,"href":"https:\/\/diarioregionaldigital.com.br\/index.php?rest_route=%2Fwp%2Fv2%2Fcategories&post=210675"},{"taxonomy":"post_tag","embeddable":true,"href":"https:\/\/diarioregionaldigital.com.br\/index.php?rest_route=%2Fwp%2Fv2%2Ftags&post=210675"}],"curies":[{"name":"wp","href":"https:\/\/api.w.org\/{rel}","templated":true}]}}