{"id":210672,"date":"2023-02-23T20:15:37","date_gmt":"2023-02-23T23:15:37","guid":{"rendered":"https:\/\/diarioregionaldigital.com.br\/?p=210672"},"modified":"2023-02-23T20:15:37","modified_gmt":"2023-02-23T23:15:37","slug":"comitiva-vai-ao-rio-grande-do-sul-para-ver-efeitos-da-seca","status":"publish","type":"post","link":"https:\/\/diarioregionaldigital.com.br\/?p=210672","title":{"rendered":"Comitiva vai ao Rio Grande do Sul para ver efeitos da seca"},"content":{"rendered":"<p>Uma comitiva de ministros do governo federal chega\u00a0hoje\u00a0(23) ao Rio Grande do Sul, onde vai\u00a0visitar a cidade de Hulha Negra, na fronteira com o Uruguai.\u00a0Ontem\u00a0(22), o governo anunciou a libera\u00e7\u00e3o de R$ 430 milh\u00f5es para combater os efeitos da\u00a0estiagem que afeta cerca de 300 munic\u00edpios do estado pela terceira safra consecutiva.<img decoding=\"async\" src=\"https:\/\/agenciabrasil.ebc.com.br\/ebc.png?id=1512334&amp;o=node\" \/><img decoding=\"async\" src=\"https:\/\/agenciabrasil.ebc.com.br\/ebc.gif?id=1512334&amp;o=node\" \/><\/p>\n<p>Os recursos ser\u00e3o aplicados na agricultura, no desenvolvimento social e na defesa civil. O presidente Luiz In\u00e1cio Lula da Silva autorizou o repasse, ap\u00f3s reunir-se no Pal\u00e1cio da Alvorada com ministros. Os participantes do encontro avaliaram as demandas de prefeitos, deputados, vereadores e entidades de trabalhadores do campo.<\/p>\n<p>Em entrevista \u00e0\u00a0<strong>Ag\u00eancia Brasil<\/strong>\u00a0na \u00faltima\u00a0ter\u00e7a-feira (21), o ministro da Integra\u00e7\u00e3o e do Desenvolvimento Regional, Waldez G\u00f3es, disse que\u00a0dos munic\u00edpios atingidos, 28 j\u00e1 apresentaram o seu plano de prioridades. Para atender a esses munic\u00edpios, foram disponibilizados R$ 6,4 milh\u00f5es. Os recursos est\u00e3o sendo utilizados para libera\u00e7\u00e3o de carros-pipas e compra de cestas b\u00e1sicas.<\/p>\n<p>As maiores perdas afetam as culturas de soja e milho, ambas fundamentais para a economia do munic\u00edpio. Tamb\u00e9m h\u00e1 comprometimento da produ\u00e7\u00e3o de mel e preju\u00edzos na pecu\u00e1ria de leite. Os impactos atingem pelo menos 1,2 mil propriedades rurais, sendo que mais de 800 s\u00e3o pequenas e est\u00e3o em assentamentos.<\/p>\n<p>Segundo o Instituto de Assist\u00eancia T\u00e9cnica e Extens\u00e3o Rural (Emater), o preju\u00edzo estimado \u00e9 de quase R$ 5 milh\u00f5es na pecu\u00e1ria de leite e de corte. Somados os danos nas lavouras, o impacto econ\u00f4mico ultrapassa R$ 38 milh\u00f5es. Ainda segundo a Emater, somente na soja, as perdas j\u00e1 alcan\u00e7am 40% na produ\u00e7\u00e3o de Hulha Negra.<\/p>\n<p>A expectativa \u00e9 de que, durante a viagem, sejam anunciadas medidas de aux\u00edlio aos atingidos pela seca, entre elas\u00a0uma linha de cr\u00e9dito emergencial para pequenos e m\u00e9dios produtores. No in\u00edcio\u00a0de fevereiro, uma comitiva ga\u00facha esteve em Bras\u00edlia em busca de ajuda para o estado.<\/p>\n<p>Devem integrar a comitiva ao Rio Grande do Sul os ministros do Desenvolvimento Agr\u00e1rio e Agricultura Familiar, Paulo Teixeira; da Agricultura e Pecu\u00e1ria, Carlos F\u00e1varo; do Desenvolvimento e Assist\u00eancia Social, Fam\u00edlia e Combate \u00e0 Fome, Wellington Dias, e da Secretaria de Comunica\u00e7\u00e3o Social da Presid\u00eancia da Rep\u00fablica, Paulo Pimenta, al\u00e9m do presidente da Companhia Nacional de Abastecimento (Conab), Edgar Pretto.<\/p>\n<p><span style=\"font-weight: 400;\">Fonte: Ag\u00eancia Brasil <\/span><\/p>\n","protected":false},"excerpt":{"rendered":"<p>Uma comitiva de ministros do governo federal chega\u00a0hoje\u00a0(23) ao Rio Grande do Sul, onde vai\u00a0visitar a cidade de Hulha Negra, na fronteira com o Uruguai.\u00a0Ontem\u00a0(22), o governo anunciou a libera\u00e7\u00e3o de R$ 430 milh\u00f5es para combater os efeitos da\u00a0estiagem que afeta cerca de 300 munic\u00edpios do estado pela terceira safra consecutiva. Os recursos ser\u00e3o aplicados [&hellip;]<\/p>\n","protected":false},"author":246,"featured_media":210673,"comment_status":"closed","ping_status":"closed","sticky":false,"template":"","format":"standard","meta":{"footnotes":""},"categories":[436,254,439],"tags":[],"class_list":["post-210672","post","type-post","status-publish","format-standard","has-post-thumbnail","hentry","category-destaque-da-semana","category-politica","category-ultima-hora"],"_links":{"self":[{"href":"https:\/\/diarioregionaldigital.com.br\/index.php?rest_route=\/wp\/v2\/posts\/210672","targetHints":{"allow":["GET"]}}],"collection":[{"href":"https:\/\/diarioregionaldigital.com.br\/index.php?rest_route=\/wp\/v2\/posts"}],"about":[{"href":"https:\/\/diarioregionaldigital.com.br\/index.php?rest_route=\/wp\/v2\/types\/post"}],"author":[{"embeddable":true,"href":"https:\/\/diarioregionaldigital.com.br\/index.php?rest_route=\/wp\/v2\/users\/246"}],"replies":[{"embeddable":true,"href":"https:\/\/diarioregionaldigital.com.br\/index.php?rest_route=%2Fwp%2Fv2%2Fcomments&post=210672"}],"version-history":[{"count":1,"href":"https:\/\/diarioregionaldigital.com.br\/index.php?rest_route=\/wp\/v2\/posts\/210672\/revisions"}],"predecessor-version":[{"id":210674,"href":"https:\/\/diarioregionaldigital.com.br\/index.php?rest_route=\/wp\/v2\/posts\/210672\/revisions\/210674"}],"wp:featuredmedia":[{"embeddable":true,"href":"https:\/\/diarioregionaldigital.com.br\/index.php?rest_route=\/wp\/v2\/media\/210673"}],"wp:attachment":[{"href":"https:\/\/diarioregionaldigital.com.br\/index.php?rest_route=%2Fwp%2Fv2%2Fmedia&parent=210672"}],"wp:term":[{"taxonomy":"category","embeddable":true,"href":"https:\/\/diarioregionaldigital.com.br\/index.php?rest_route=%2Fwp%2Fv2%2Fcategories&post=210672"},{"taxonomy":"post_tag","embeddable":true,"href":"https:\/\/diarioregionaldigital.com.br\/index.php?rest_route=%2Fwp%2Fv2%2Ftags&post=210672"}],"curies":[{"name":"wp","href":"https:\/\/api.w.org\/{rel}","templated":true}]}}