{"id":210669,"date":"2023-02-23T20:13:25","date_gmt":"2023-02-23T23:13:25","guid":{"rendered":"https:\/\/diarioregionaldigital.com.br\/?p=210669"},"modified":"2023-02-23T20:13:25","modified_gmt":"2023-02-23T23:13:25","slug":"governo-paulista-anuncia-instalacao-de-sirenes-em-locais-de-risco","status":"publish","type":"post","link":"https:\/\/diarioregionaldigital.com.br\/?p=210669","title":{"rendered":"Governo paulista anuncia instala\u00e7\u00e3o de sirenes em locais de risco"},"content":{"rendered":"<p>O governador de S\u00e3o Paulo, Tarc\u00edsio de Freitas, afirmou nesta quinta-feira (23), que ser\u00e3o instaladas sirenes em locais onde h\u00e1 risco de desabamentos e enchentes em cidades do litoral norte do estado.\u00a0No \u00faltimo fim de semana, a\u00a0regi\u00e3o foi fortemente\u00a0atingida\u00a0por um temporal\u00a0que deixou pelo menos 50 mortos e mais de 3 mil desabrigados e desalojados.<img decoding=\"async\" src=\"https:\/\/agenciabrasil.ebc.com.br\/ebc.png?id=1512523&amp;o=node\" \/><img decoding=\"async\" src=\"https:\/\/agenciabrasil.ebc.com.br\/ebc.gif?id=1512523&amp;o=node\" \/><\/p>\n<p>A a\u00e7\u00e3o faz parte de um pacote de medidas de emerg\u00eancia e tamb\u00e9m de longo prazo para a regi\u00e3o. O an\u00fancio\u00a0foi feito ap\u00f3s reuni\u00e3o com secret\u00e1rios de Estado e representantes de empresas ligadas ao Governo de S\u00e3o Paulo, como Sabesp, Departamento de \u00c1guas e Energia El\u00e9trica (DAEE), Companhia de Desenvolvimento Habitacional e Urbano (CDHU) e Departamento de Estradas de Rodagem (DER), no Teatro Municipal de S\u00e3o Sebasti\u00e3o, munic\u00edpio que mais sofreu com os temporais.<\/p>\n<p>Outra medida anunciada \u00e9 a compra de novos radares meteorol\u00f3gicos pelo Governo de S\u00e3o Paulo. De acordo com o governo, o plano \u00e9 trocar os equipamentos utilizados atualmente por modelos mais modernos e tecnol\u00f3gicos. Al\u00e9m disso, ser\u00e3o posicionados novos instrumentos no litoral paulista para melhorar a capacidade de previs\u00e3o meteorol\u00f3gica na \u00e1rea..<\/p>\n<p>O governador\u00a0ainda anunciou a cria\u00e7\u00e3o de uma disciplina chamada Defesa Civil e Primeiros Socorros nas escolas. Al\u00e9m disso, uma escola que foi destru\u00edda pelos deslizamentos em S\u00e3o Sebasti\u00e3o ser\u00e1 reconstru\u00edda pelo governo do Estado. Outras sete unidades de ensino que est\u00e3o servindo como abrigo para desalojados dever\u00e3o ter as aulas retomadas no dia 6 de mar\u00e7o. A Secretaria de Educa\u00e7\u00e3o vai disponibilizar aulas de refor\u00e7o e ensino \u00e0 dist\u00e2ncia para crian\u00e7as que ficaram sem aulas.<\/p>\n<p>Tarc\u00edsio destacou ainda o projeto Vilas de Passagem, que vai construir casas geminadas de r\u00e1pida edifica\u00e7\u00e3o para acolher desabrigados e desalojados pelas fortes chuvas que atingiram a regi\u00e3o, em parceria com a iniciativa privada. Em parceria com as prefeituras, o governador anunciou tamb\u00e9m a constru\u00e7\u00e3o de casas definitivas pela Companhia de Desenvolvimento Habitacional e Urbano (CDHU) em terrenos do munic\u00edpio.<\/p>\n<h2>Recupera\u00e7\u00e3o de rodovias<\/h2>\n<p>Nas rodovias, o processo de recupera\u00e7\u00e3o se inicia pelas provid\u00eancias emergenciais, para dar trafegabilidade \u00e0s vias, e, depois, passa-se \u00e0 fase de recupera\u00e7\u00e3o estrutural. O governo\u00a0estadual informou que a Rodovia Mogi-Bertioga\u00a0teve contrata\u00e7\u00e3o para obras de recupera\u00e7\u00e3o da via, com previs\u00e3o de seis meses de trabalhos e possibilidade de libera\u00e7\u00e3o parcial em dois meses. A Rio-Santos j\u00e1 est\u00e1 liberada para tr\u00e1fego.<\/p>\n<p><span style=\"font-weight: 400;\">Fonte: Ag\u00eancia Brasil <\/span><\/p>\n","protected":false},"excerpt":{"rendered":"<p>O governador de S\u00e3o Paulo, Tarc\u00edsio de Freitas, afirmou nesta quinta-feira (23), que ser\u00e3o instaladas sirenes em locais onde h\u00e1 risco de desabamentos e enchentes em cidades do litoral norte do estado.\u00a0No \u00faltimo fim de semana, a\u00a0regi\u00e3o foi fortemente\u00a0atingida\u00a0por um temporal\u00a0que deixou pelo menos 50 mortos e mais de 3 mil desabrigados e desalojados. A [&hellip;]<\/p>\n","protected":false},"author":246,"featured_media":210670,"comment_status":"closed","ping_status":"closed","sticky":false,"template":"","format":"standard","meta":{"footnotes":""},"categories":[436,440,254,439],"tags":[],"class_list":["post-210669","post","type-post","status-publish","format-standard","has-post-thumbnail","hentry","category-destaque-da-semana","category-destaques-do-dia","category-politica","category-ultima-hora"],"_links":{"self":[{"href":"https:\/\/diarioregionaldigital.com.br\/index.php?rest_route=\/wp\/v2\/posts\/210669","targetHints":{"allow":["GET"]}}],"collection":[{"href":"https:\/\/diarioregionaldigital.com.br\/index.php?rest_route=\/wp\/v2\/posts"}],"about":[{"href":"https:\/\/diarioregionaldigital.com.br\/index.php?rest_route=\/wp\/v2\/types\/post"}],"author":[{"embeddable":true,"href":"https:\/\/diarioregionaldigital.com.br\/index.php?rest_route=\/wp\/v2\/users\/246"}],"replies":[{"embeddable":true,"href":"https:\/\/diarioregionaldigital.com.br\/index.php?rest_route=%2Fwp%2Fv2%2Fcomments&post=210669"}],"version-history":[{"count":1,"href":"https:\/\/diarioregionaldigital.com.br\/index.php?rest_route=\/wp\/v2\/posts\/210669\/revisions"}],"predecessor-version":[{"id":210671,"href":"https:\/\/diarioregionaldigital.com.br\/index.php?rest_route=\/wp\/v2\/posts\/210669\/revisions\/210671"}],"wp:featuredmedia":[{"embeddable":true,"href":"https:\/\/diarioregionaldigital.com.br\/index.php?rest_route=\/wp\/v2\/media\/210670"}],"wp:attachment":[{"href":"https:\/\/diarioregionaldigital.com.br\/index.php?rest_route=%2Fwp%2Fv2%2Fmedia&parent=210669"}],"wp:term":[{"taxonomy":"category","embeddable":true,"href":"https:\/\/diarioregionaldigital.com.br\/index.php?rest_route=%2Fwp%2Fv2%2Fcategories&post=210669"},{"taxonomy":"post_tag","embeddable":true,"href":"https:\/\/diarioregionaldigital.com.br\/index.php?rest_route=%2Fwp%2Fv2%2Ftags&post=210669"}],"curies":[{"name":"wp","href":"https:\/\/api.w.org\/{rel}","templated":true}]}}