{"id":210666,"date":"2023-02-23T20:07:10","date_gmt":"2023-02-23T23:07:10","guid":{"rendered":"https:\/\/diarioregionaldigital.com.br\/?p=210666"},"modified":"2023-02-23T20:07:10","modified_gmt":"2023-02-23T23:07:10","slug":"caso-de-vaca-louca-nao-encobre-manipulacao-de-preco-desmente-ministro","status":"publish","type":"post","link":"https:\/\/diarioregionaldigital.com.br\/?p=210666","title":{"rendered":"Caso de vaca louca n\u00e3o encobre manipula\u00e7\u00e3o de pre\u00e7o, desmente ministro"},"content":{"rendered":"<p>A descoberta do caso de vaca louca no Par\u00e1 n\u00e3o serviu como desculpa para encobrir poss\u00edveis mudan\u00e7as no pre\u00e7o da carne, disse\u00a0hoje\u00a0(23) o ministro da Agricultura e Pecu\u00e1ria, Carlos F\u00e1varo. Em entrevista exclusiva \u00e0 Ag\u00eancia Brasil, ele desmentiu boatos propagados pelas redes sociais de que a doen\u00e7a ajudaria o governo a manipular o mercado do alimento.<\/p>\n<p>\u201cEm hip\u00f3tese alguma, far\u00edamos qualquer tipo de manipula\u00e7\u00e3o de mercado para afetar nossas rela\u00e7\u00f5es internacionais com a China, em detrimento de querer abaixar por alguns dias o pre\u00e7o da nossa carne [por meio do aumento da oferta interna]. O Brasil \u00e9 um pa\u00eds de princ\u00edpios, que respeita o mercado, que garante credibilidade nas suas rela\u00e7\u00f5es e nunca participaria de nenhum tipo de a\u00e7\u00e3o como essa\u201d, declarou o ministro.<\/p>\n<p>Dizendo que<em>\u00a0fake news<\/em>\u00a0devem ser combatidas, o ministro atribuiu os boatos \u00e0 oposi\u00e7\u00e3o e reiterou que o governo est\u00e1 conduzindo o processo com transpar\u00eancia e credibilidade. \u201cEsse \u00e9 um discurso, uma ret\u00f3rica bolsonarista, de quem n\u00e3o quer o bem do Brasil, de quem gosta de plantar<em>\u00a0fake news<\/em>. Pe\u00e7o \u00e0 popula\u00e7\u00e3o. O Brasil \u00e9 um pa\u00eds eficiente, moderno, transparente, com regras claras. N\u00e3o acreditem em mentiras. N\u00e3o acreditem em\u00a0<em>fake news<\/em>\u201d, pediu F\u00e1varo.<\/p>\n<p>O ministro tamb\u00e9m descartou qualquer risco para o consumidor brasileiro. Embora o consumo de carne de animais idosos seja permitido no mercado interno, F\u00e1varo ressaltou que a Vigil\u00e2ncia Sanit\u00e1ria do Minist\u00e9rio da Agricultura \u00e9 eficaz e monitora a qualidade da carne consumida no pa\u00eds. \u201cO consumidor brasileiro pode\u00a0ter\u00a0certeza. Nosso sistema [de vigil\u00e2ncia sanit\u00e1ria] \u00e9 eficiente. Temos seguran\u00e7a de que n\u00e3o h\u00e1 risco nenhum de contamina\u00e7\u00e3o\u201d, declarou.<img decoding=\"async\" src=\"https:\/\/agenciabrasil.ebc.com.br\/ebc.png?id=1512538&amp;o=node\" \/><img decoding=\"async\" src=\"https:\/\/agenciabrasil.ebc.com.br\/ebc.gif?id=1512538&amp;o=node\" \/><\/p>\n<h2>Resultados do teste<\/h2>\n<p>F\u00e1varo informou que o resultado do teste das amostras enviadas ao exterior sair\u00e1 at\u00e9 metade da pr\u00f3xima semana. O ministro admitiu que haver\u00e1 um pequeno atraso porque\u00a0ontem\u00a0(22), dia em que o material chegou ao Canad\u00e1, tamb\u00e9m era feriado no pa\u00eds da Am\u00e9rica do Norte. Segundo ele, o governo est\u00e1 num procedimento final de desembara\u00e7ar (liberar) a amostra na alf\u00e2ndega canadense, para que ela possa chegar ao laborat\u00f3rio at\u00e9\u00a0domingo\u00a0(26).<\/p>\n<p>\u201cEstamos trabalhando nossa diplomacia, nossos contatos para que o laborat\u00f3rio [canadense] d\u00ea aten\u00e7\u00e3o especial e agilidade, o que deve acontecer em dois ou tr\u00eas dias a partir do momento em que a amostra est\u00e1 l\u00e1. A\u00ed n\u00f3s teremos o resultado. Imediatamente, a informa\u00e7\u00e3o ser\u00e1 disponibilizada ao mercado\u201d, disse.<\/p>\n<p>Embora a doen\u00e7a tenha sido confirmada pelos laborat\u00f3rios brasileiros, o exame no Canad\u00e1, mais sofisticado, informar\u00e1 se o caso era at\u00edpico (gerado espontaneamente na natureza, sem transmiss\u00e3o) ou cl\u00e1ssico (transmitido entre animais por ingest\u00e3o de ra\u00e7\u00e3o contaminada). F\u00e1varo explicou que a propriedade em Marab\u00e1 (PA), onde foi detectada a doen\u00e7a, poder\u00e1 voltar a comercializar o gado bovino assim que sair a confirma\u00e7\u00e3o do caso at\u00edpico, e reiterou que a carca\u00e7a do animal foi incinerada, sem contato com o restante do rebanho.<\/p>\n<p>\u201c\u00c9 importante ressaltar que o Brasil at\u00e9\u00a0hoje\u00a0s\u00f3 teve casos at\u00edpicos da doen\u00e7a. O animal n\u00e3o comia ra\u00e7\u00e3o, s\u00f3 foi criado em pasto numa pequena propriedade e j\u00e1 era considerado idoso, com 9 anos. N\u00e3o h\u00e1 sintomas em nenhum outro animal de rebanho que conviveu com ele. Tudo isso indica que [o caso de vaca louca] \u00e9 uma evolu\u00e7\u00e3o natural da degenera\u00e7\u00e3o de c\u00e9lulas [do sistema nervoso] que alguns indiv\u00edduos apresentam. Por isso, a expectativa \u00e9 que deva ser considerado mais um caso at\u00edpico\u201d, declarou.<\/p>\n<h2>China<\/h2>\n<p>Na \u00faltima vez em que foram confirmados casos da vaca louca no Brasil, em 2021, as exporta\u00e7\u00f5es para a China ficaram suspensas por cerca de 100 dias, de setembro a dezembro daquele ano. Apesar de reconhecer que a suspens\u00e3o trar\u00e1 preju\u00edzos para a balan\u00e7a comercial brasileira, o ministro disse esperar que o processo seja breve.<\/p>\n<p>\u201cJ\u00e1 houve casos em que a exporta\u00e7\u00e3o [\u00e0 China] ficou suspensa por 13 dias. A palavra de ordem do presidente Lula, que n\u00e3o seria diferente por parte do minist\u00e9rio, \u00e9 transpar\u00eancia total na informa\u00e7\u00e3o, agilidade, cumprir os protocolos. Isso \u00e9 fundamental para\u00a0ter\u00a0credibilidade, e estamos fazendo isso imediatamente a partir da suspeita\u201d, disse. O protocolo de suspens\u00e3o das exporta\u00e7\u00f5es \u00e0 China est\u00e1 em vigor desde 2015.<\/p>\n<p>Hoje\u00a0pela manh\u00e3, F\u00e1varo reuniu-se com o embaixador da China no Brasil, Zhu Qingqiao, para prestar todos os esclarecimentos. O ministro disse\u00a0ter\u00a0tido boa receptividade da parte do governo chin\u00eas.<\/p>\n<p>\u201cEstive conversando\u00a0hoje\u00a0com o embaixador chin\u00eas. Comunicamos o tema e coloquei \u00e0 disposi\u00e7\u00e3o os nossos secret\u00e1rios de Rela\u00e7\u00f5es Internacionais e de Defesa para irem pessoalmente \u00e0 China. Obtivemos como resposta do governo chin\u00eas que n\u00e3o h\u00e1 necessidade. Que eles est\u00e3o satisfeitos com a forma com que o processo est\u00e1 sendo conduzido. Isso \u00e9 um ind\u00edcio muito claro que essa suspens\u00e3o n\u00e3o deve durar muitos dias\u201d, comentou F\u00e1varo.<\/p>\n<p>A confirma\u00e7\u00e3o do caso de vaca louca ocorreu num momento em que as exporta\u00e7\u00f5es de carne bovina para a China estavam em alta. Em janeiro, as exporta\u00e7\u00f5es cresceram 7% na receita e 17% no volume em rela\u00e7\u00e3o ao mesmo m\u00eas de 2022, totalizando US$ 851,2 milh\u00f5es e 183.817 toneladas, tanto em carne in natura como congelada. As vendas para a China corresponderam a 57% do total, com receita US$ 485,3 milh\u00f5es e 100.164 toneladas exportadas<\/p>\n<p><span style=\"font-weight: 400;\">Fonte: Ag\u00eancia Brasil <\/span>.<\/p>\n","protected":false},"excerpt":{"rendered":"<p>A descoberta do caso de vaca louca no Par\u00e1 n\u00e3o serviu como desculpa para encobrir poss\u00edveis mudan\u00e7as no pre\u00e7o da carne, disse\u00a0hoje\u00a0(23) o ministro da Agricultura e Pecu\u00e1ria, Carlos F\u00e1varo. Em entrevista exclusiva \u00e0 Ag\u00eancia Brasil, ele desmentiu boatos propagados pelas redes sociais de que a doen\u00e7a ajudaria o governo a manipular o mercado do [&hellip;]<\/p>\n","protected":false},"author":246,"featured_media":210667,"comment_status":"closed","ping_status":"closed","sticky":false,"template":"","format":"standard","meta":{"footnotes":""},"categories":[436,261,439],"tags":[],"class_list":["post-210666","post","type-post","status-publish","format-standard","has-post-thumbnail","hentry","category-destaque-da-semana","category-economia","category-ultima-hora"],"_links":{"self":[{"href":"https:\/\/diarioregionaldigital.com.br\/index.php?rest_route=\/wp\/v2\/posts\/210666","targetHints":{"allow":["GET"]}}],"collection":[{"href":"https:\/\/diarioregionaldigital.com.br\/index.php?rest_route=\/wp\/v2\/posts"}],"about":[{"href":"https:\/\/diarioregionaldigital.com.br\/index.php?rest_route=\/wp\/v2\/types\/post"}],"author":[{"embeddable":true,"href":"https:\/\/diarioregionaldigital.com.br\/index.php?rest_route=\/wp\/v2\/users\/246"}],"replies":[{"embeddable":true,"href":"https:\/\/diarioregionaldigital.com.br\/index.php?rest_route=%2Fwp%2Fv2%2Fcomments&post=210666"}],"version-history":[{"count":1,"href":"https:\/\/diarioregionaldigital.com.br\/index.php?rest_route=\/wp\/v2\/posts\/210666\/revisions"}],"predecessor-version":[{"id":210668,"href":"https:\/\/diarioregionaldigital.com.br\/index.php?rest_route=\/wp\/v2\/posts\/210666\/revisions\/210668"}],"wp:featuredmedia":[{"embeddable":true,"href":"https:\/\/diarioregionaldigital.com.br\/index.php?rest_route=\/wp\/v2\/media\/210667"}],"wp:attachment":[{"href":"https:\/\/diarioregionaldigital.com.br\/index.php?rest_route=%2Fwp%2Fv2%2Fmedia&parent=210666"}],"wp:term":[{"taxonomy":"category","embeddable":true,"href":"https:\/\/diarioregionaldigital.com.br\/index.php?rest_route=%2Fwp%2Fv2%2Fcategories&post=210666"},{"taxonomy":"post_tag","embeddable":true,"href":"https:\/\/diarioregionaldigital.com.br\/index.php?rest_route=%2Fwp%2Fv2%2Ftags&post=210666"}],"curies":[{"name":"wp","href":"https:\/\/api.w.org\/{rel}","templated":true}]}}