{"id":210659,"date":"2023-02-23T19:57:57","date_gmt":"2023-02-23T22:57:57","guid":{"rendered":"https:\/\/diarioregionaldigital.com.br\/?p=210659"},"modified":"2023-02-23T19:57:57","modified_gmt":"2023-02-23T22:57:57","slug":"arrecadacao-federal-de-impostos-atinge-r-251-bilhoes-em-janeiro","status":"publish","type":"post","link":"https:\/\/diarioregionaldigital.com.br\/?p=210659","title":{"rendered":"Arrecada\u00e7\u00e3o federal de impostos atinge R$ 251 bilh\u00f5es em janeiro"},"content":{"rendered":"<p>A arrecada\u00e7\u00e3o total das receitas federais fechou o m\u00eas de janeiro em R$ 251,74 bilh\u00f5es, informou hoje (23) a Receita Federal. O valor representa um aumento real de 1,14% em rela\u00e7\u00e3o a janeiro de 2022, descontada a infla\u00e7\u00e3o medida pelo \u00cdndice de Pre\u00e7os ao Consumidor Amplo (IPCA). Em rela\u00e7\u00e3o \u00e0s Receitas Administradas pela Receita Federal, o valor arrecadado foi de R$ 235 bilh\u00f5es, representando um acr\u00e9scimo real de 2,16%. O Minist\u00e9rio da Fazenda disse que foi o melhor desempenho arrecadat\u00f3rio para o m\u00eas de janeiro desde 1995.<img decoding=\"async\" src=\"https:\/\/agenciabrasil.ebc.com.br\/ebc.png?id=1512373&amp;o=node\" \/><img decoding=\"async\" src=\"https:\/\/agenciabrasil.ebc.com.br\/ebc.gif?id=1512373&amp;o=node\" \/><\/p>\n<p>De acordo com a Receita, o aumento observado no m\u00eas de janeiro pode ser explicado, segundo a Receita, principalmente pelo crescimento dos recolhimentos de Imposto de Renda da Pessoa Jur\u00eddica (IRPJ), de 4,82% (R$ 57,931 bilh\u00f5es), da Contribui\u00e7\u00e3o Social Sobre o Lucro L\u00edquido (CSLL) e pelo comportamento das desonera\u00e7\u00f5es vigentes.<\/p>\n<p>Os principais fatores que, em conjunto, contribu\u00edram para o resultado das Receitas Administradas pela RFB, foram o desempenho da arrecada\u00e7\u00e3o do Imposto de Renda Retido na Fonte-Capital, incidente sobre aplica\u00e7\u00f5es financeiras, e que apresentou crescimento real de 58,14%, em fun\u00e7\u00e3o do aumento dos rendimentos dos fundos e aplica\u00e7\u00f5es de renda fixa; o desempenho da arrecada\u00e7\u00e3o da Contribui\u00e7\u00e3o Previdenci\u00e1ria, com crescimento real de 8,63% e do IRRF-Trabalho, com crescimento real de 13,31%, ambos decorrentes do aumento real da massa salarial.<\/p>\n<p>Al\u00e9m disso, houve pagamentos at\u00edpicos de R$ 3 bilh\u00f5es, decorrentes dos resultados apresentados por v\u00e1rias empresas ligadas ao setor de commodities de explora\u00e7\u00e3o mineral.<\/p>\n<p>A Receita informou ainda que, em janeiro, houve perda na arrecada\u00e7\u00e3o do PIS\/Cofins sobre combust\u00edveis no montante de R$ 3,75 bilh\u00f5es e do Imposto Sobre Produtos Industrializados (IPI) de R$ 1,9 bilh\u00e3o, na compara\u00e7\u00e3o com mesmo per\u00edodo do ano passado.<\/p>\n<p><span style=\"font-weight: 400;\">Fonte: Ag\u00eancia Brasil <\/span><\/p>\n","protected":false},"excerpt":{"rendered":"<p>A arrecada\u00e7\u00e3o total das receitas federais fechou o m\u00eas de janeiro em R$ 251,74 bilh\u00f5es, informou hoje (23) a Receita Federal. O valor representa um aumento real de 1,14% em rela\u00e7\u00e3o a janeiro de 2022, descontada a infla\u00e7\u00e3o medida pelo \u00cdndice de Pre\u00e7os ao Consumidor Amplo (IPCA). Em rela\u00e7\u00e3o \u00e0s Receitas Administradas pela Receita Federal, [&hellip;]<\/p>\n","protected":false},"author":246,"featured_media":210660,"comment_status":"closed","ping_status":"closed","sticky":false,"template":"","format":"standard","meta":{"footnotes":""},"categories":[436,261,439],"tags":[],"class_list":["post-210659","post","type-post","status-publish","format-standard","has-post-thumbnail","hentry","category-destaque-da-semana","category-economia","category-ultima-hora"],"_links":{"self":[{"href":"https:\/\/diarioregionaldigital.com.br\/index.php?rest_route=\/wp\/v2\/posts\/210659","targetHints":{"allow":["GET"]}}],"collection":[{"href":"https:\/\/diarioregionaldigital.com.br\/index.php?rest_route=\/wp\/v2\/posts"}],"about":[{"href":"https:\/\/diarioregionaldigital.com.br\/index.php?rest_route=\/wp\/v2\/types\/post"}],"author":[{"embeddable":true,"href":"https:\/\/diarioregionaldigital.com.br\/index.php?rest_route=\/wp\/v2\/users\/246"}],"replies":[{"embeddable":true,"href":"https:\/\/diarioregionaldigital.com.br\/index.php?rest_route=%2Fwp%2Fv2%2Fcomments&post=210659"}],"version-history":[{"count":1,"href":"https:\/\/diarioregionaldigital.com.br\/index.php?rest_route=\/wp\/v2\/posts\/210659\/revisions"}],"predecessor-version":[{"id":210661,"href":"https:\/\/diarioregionaldigital.com.br\/index.php?rest_route=\/wp\/v2\/posts\/210659\/revisions\/210661"}],"wp:featuredmedia":[{"embeddable":true,"href":"https:\/\/diarioregionaldigital.com.br\/index.php?rest_route=\/wp\/v2\/media\/210660"}],"wp:attachment":[{"href":"https:\/\/diarioregionaldigital.com.br\/index.php?rest_route=%2Fwp%2Fv2%2Fmedia&parent=210659"}],"wp:term":[{"taxonomy":"category","embeddable":true,"href":"https:\/\/diarioregionaldigital.com.br\/index.php?rest_route=%2Fwp%2Fv2%2Fcategories&post=210659"},{"taxonomy":"post_tag","embeddable":true,"href":"https:\/\/diarioregionaldigital.com.br\/index.php?rest_route=%2Fwp%2Fv2%2Ftags&post=210659"}],"curies":[{"name":"wp","href":"https:\/\/api.w.org\/{rel}","templated":true}]}}