{"id":210656,"date":"2023-02-23T19:52:42","date_gmt":"2023-02-23T22:52:42","guid":{"rendered":"https:\/\/diarioregionaldigital.com.br\/?p=210656"},"modified":"2023-02-23T19:52:42","modified_gmt":"2023-02-23T22:52:42","slug":"pesquisa-mostra-aumento-do-consumo-domestico-em-janeiro","status":"publish","type":"post","link":"https:\/\/diarioregionaldigital.com.br\/?p=210656","title":{"rendered":"Pesquisa mostra aumento do consumo dom\u00e9stico em janeiro"},"content":{"rendered":"<p>O consumo nos lares brasileiros acumula alta de 1,07% em janeiro, na compara\u00e7\u00e3o com o mesmo m\u00eas de 2022. Segundo a Associa\u00e7\u00e3o Brasileira de Supermercados (Abras), em rela\u00e7\u00e3o a dezembro, houve queda de 14,81%. Nessa an\u00e1lise, todos os indicadores s\u00e3o deflacionados pelo \u00cdndice Nacional de Pre\u00e7os ao Consumidor Amplo (IPCA), medido pelo Instituto Brasileiro de Geografia e Estat\u00edstica (IBGE), e o levantamento inclui todos os formatos operados pelos supermercados.\u00a0<img decoding=\"async\" src=\"https:\/\/agenciabrasil.ebc.com.br\/ebc.png?id=1512505&amp;o=node\" \/><img decoding=\"async\" src=\"https:\/\/agenciabrasil.ebc.com.br\/ebc.gif?id=1512505&amp;o=node\" \/><\/p>\n<p>De acordo com a Abras, tradicionalmente, o m\u00eas de janeiro registra o menor consumo na compara\u00e7\u00e3o com o m\u00eas imediatamente anterior, por causa do aumento do consumo nas festas de fim de ano. No entanto, a s\u00e9rie hist\u00f3rica da Abras, principalmente o per\u00edodo que abrange os \u00faltimos dois anos, mostra que janeiro de 2023 teve a menor varia\u00e7\u00e3o de queda no consumo na compara\u00e7\u00e3o com dezembro. Para a Abras, isso indica que o consumo est\u00e1 centrado nos lares, mesmo com a abertura de bares, restaurantes e setor hoteleiro.<\/p>\n<p>A associa\u00e7\u00e3o estima que, no primeiro trimestre, determinados fatores sustentem o consumo nos lares: o reajuste do sal\u00e1rio m\u00ednimo (7,42%) para mais de 60 milh\u00f5es de pessoas; a manuten\u00e7\u00e3o do pagamento de R$ 600 do Aux\u00edlio Brasil (Bolsa Fam\u00edlia); o vale-g\u00e1s, no valor de 100% da m\u00e9dia nacional do botij\u00e3o de g\u00e1s de cozinha de 13 quilos (a cada dois meses).<\/p>\n<p>Al\u00e9m disso, o resgate do Programa de Integra\u00e7\u00e3o Social e do Programa de Forma\u00e7\u00e3o do Patrim\u00f4nio do Servidor P\u00fablico (PIS\/Pasep) (de fevereiro a dezembro) e o pagamento (a partir de mar\u00e7o) de R$ 150 por crian\u00e7a de at\u00e9 6 anos para fam\u00edlias inscritas nos programas de transfer\u00eancia de renda devem contribuir para o consumo dom\u00e9stico.<\/p>\n<p>Para 2023, a Abras projeta crescimento de 2,50% no consumo nos lares.<\/p>\n<h2>Varia\u00e7\u00e3o de pre\u00e7os<\/h2>\n<p>O Abrasmercado, indicador que mede a varia\u00e7\u00e3o de pre\u00e7os nos supermercados, manteve-se est\u00e1vel (+0,08%) em janeiro na cesta composta por 35 produtos de largo consumo, como alimentos, bebidas, carnes, produtos de limpeza e itens de higiene e beleza.<\/p>\n<p>As principais altas foram puxadas por batata (14,14%), feij\u00e3o (5,69%), tomate (3,89%), arroz (3,13%) e farinha de mandioca (2,75%). J\u00e1 as quedas foram na cebola (22,68%), carne bovina corte dianteiro (1,93%), frango (1,29%), \u00f3leo de soja (0,46%), leite em p\u00f3 (0,45%), leite longa vida (0,3%), carne bovina corte traseiro (0,12%). O recuo nos pre\u00e7os do corte dianteiro foi mais expressivo no Sul (4,58%) e no Sudeste (3,19%).<\/p>\n<p>No recorte da cesta de alimentos b\u00e1sicos, composta por 12 produtos, houve alta de 0,25% em janeiro\/2023 ante dezembro\/2022 e o pre\u00e7o m\u00e9dio da cesta passou de R$ 317,56 para R$ 318,35. Os itens b\u00e1sicos que pressionaram a alta da cesta foram feij\u00e3o (5,69%), arroz (3,13%) e derivados do leite \u2013 queijo mu\u00e7arela (0,46%) e queijo prato (0,46%).<\/p>\n<p>Na categoria de higiene e beleza, as varia\u00e7\u00f5es de pre\u00e7os foram altas no xampu (0,53%), sabonete (0,37%), creme dental (0,98%) e queda no pre\u00e7o do papel higi\u00eanico (0,05%).<\/p>\n<p>Na cesta de limpeza as principais varia\u00e7\u00f5es foram: desinfetante (1,09%), sab\u00e3o em p\u00f3 (0,6%), detergente l\u00edquido para lou\u00e7as (0,35%). Na an\u00e1lise regional, houve defla\u00e7\u00e3o nos pre\u00e7os das cestas do Sudeste (-0,06%) e do Sul (-0,41%). Nas demais regi\u00f5es as varia\u00e7\u00f5es foram: Centro-Oeste (+0,54%), Norte (+0,13%), Nordeste (+0,08%).<\/p>\n<h2>Cestas regionais<\/h2>\n<p>Quanto ao pre\u00e7o m\u00e9dio da cesta Abrasmercado, composta por 35 produtos de largo consumo, a mais cara em janeiro foi a da Regi\u00e3o Sul, R$ 839,93. Em seguida, aparecem as regi\u00f5es Norte, R$ 833,7, Sudeste, R$ 759,81, Centro-Oeste, R$ 707,26, e Nordeste, R$ 685,03.<\/p>\n<p><span style=\"font-weight: 400;\">Fonte: Ag\u00eancia Brasil <\/span><\/p>\n","protected":false},"excerpt":{"rendered":"<p>O consumo nos lares brasileiros acumula alta de 1,07% em janeiro, na compara\u00e7\u00e3o com o mesmo m\u00eas de 2022. Segundo a Associa\u00e7\u00e3o Brasileira de Supermercados (Abras), em rela\u00e7\u00e3o a dezembro, houve queda de 14,81%. Nessa an\u00e1lise, todos os indicadores s\u00e3o deflacionados pelo \u00cdndice Nacional de Pre\u00e7os ao Consumidor Amplo (IPCA), medido pelo Instituto Brasileiro de [&hellip;]<\/p>\n","protected":false},"author":246,"featured_media":210657,"comment_status":"closed","ping_status":"closed","sticky":false,"template":"","format":"standard","meta":{"footnotes":""},"categories":[436,440,261,439],"tags":[],"class_list":["post-210656","post","type-post","status-publish","format-standard","has-post-thumbnail","hentry","category-destaque-da-semana","category-destaques-do-dia","category-economia","category-ultima-hora"],"_links":{"self":[{"href":"https:\/\/diarioregionaldigital.com.br\/index.php?rest_route=\/wp\/v2\/posts\/210656","targetHints":{"allow":["GET"]}}],"collection":[{"href":"https:\/\/diarioregionaldigital.com.br\/index.php?rest_route=\/wp\/v2\/posts"}],"about":[{"href":"https:\/\/diarioregionaldigital.com.br\/index.php?rest_route=\/wp\/v2\/types\/post"}],"author":[{"embeddable":true,"href":"https:\/\/diarioregionaldigital.com.br\/index.php?rest_route=\/wp\/v2\/users\/246"}],"replies":[{"embeddable":true,"href":"https:\/\/diarioregionaldigital.com.br\/index.php?rest_route=%2Fwp%2Fv2%2Fcomments&post=210656"}],"version-history":[{"count":1,"href":"https:\/\/diarioregionaldigital.com.br\/index.php?rest_route=\/wp\/v2\/posts\/210656\/revisions"}],"predecessor-version":[{"id":210658,"href":"https:\/\/diarioregionaldigital.com.br\/index.php?rest_route=\/wp\/v2\/posts\/210656\/revisions\/210658"}],"wp:featuredmedia":[{"embeddable":true,"href":"https:\/\/diarioregionaldigital.com.br\/index.php?rest_route=\/wp\/v2\/media\/210657"}],"wp:attachment":[{"href":"https:\/\/diarioregionaldigital.com.br\/index.php?rest_route=%2Fwp%2Fv2%2Fmedia&parent=210656"}],"wp:term":[{"taxonomy":"category","embeddable":true,"href":"https:\/\/diarioregionaldigital.com.br\/index.php?rest_route=%2Fwp%2Fv2%2Fcategories&post=210656"},{"taxonomy":"post_tag","embeddable":true,"href":"https:\/\/diarioregionaldigital.com.br\/index.php?rest_route=%2Fwp%2Fv2%2Ftags&post=210656"}],"curies":[{"name":"wp","href":"https:\/\/api.w.org\/{rel}","templated":true}]}}