{"id":210653,"date":"2023-02-23T03:18:02","date_gmt":"2023-02-23T06:18:02","guid":{"rendered":"https:\/\/diarioregionaldigital.com.br\/?p=210653"},"modified":"2023-02-23T03:18:02","modified_gmt":"2023-02-23T06:18:02","slug":"palavras-comovem-testemunhos-arrastam-23-02-2023","status":"publish","type":"post","link":"https:\/\/diarioregionaldigital.com.br\/?p=210653","title":{"rendered":"Palavras Comovem Testemunhos Arrastam &#8211; 23\/02\/2023"},"content":{"rendered":"<p>Meu caro leitor \u00e9 com alegria que novamente estamos chegando at\u00e9 voc\u00ea para mais uma edi\u00e7\u00e3o de palavras comovem mas testemunhos arrastam. Bem sei de sua expectativa para ler os testemunhos aqui apresentados. Hoje teremos dois belos testemunhos vamos ao primeiro: Mulher Da Restaura\u00e7\u00e3o Do Testemunho: Boa noite.<\/p>\n<p>Sua b\u00ean\u00e7\u00e3o padre Erelis. O senhor se lembra que no m\u00eas de janeiro liguei pro senhor pedindo pra rezar pra minha m\u00e3e que iria fazer uma cirurgia e no momento da ben\u00e7oa o senhor disse que tinha certeza que ia dar tudo certo. Hoje estou passando pra agradecer muit\u00edssimo sua b\u00ean\u00e7\u00e3o pra minha m\u00e3e. Ela j\u00e1 est\u00e1 em casa se recuperando bem da cirurgia do implante de marcapasso.<\/p>\n<p>Deus lhe recompense por nos fortalecer com sua b\u00ean\u00e7\u00e3o nos momentos dif\u00edceis.<\/p>\n<p>S\u00e3o Judas Tadeu te conceda muitas alegrias. vamos agora para o segundo testemunho<\/p>\n<p>Padre Erelis\u00a0 bom dia quero agradecer as ora\u00e7\u00f5es que o senhor fez por mim para que eu conseguisse minha carteira de motorista fiz o exame e com a gra\u00e7a de Deus pela intercess\u00e3o de s\u00e3o Judas Tadeu e as palavras animadoras e de seguran\u00e7a que o senhor me deu eu consegui fazer tudo que foi pedido. Logo que entrei no carro rezei a ora\u00e7\u00e3o de s\u00e3o Judas que o senhor me enviou. Consegui mais essa gra\u00e7a com as ora\u00e7\u00f5es do senhor. Gratid\u00e3o sempre a Deus pela exist\u00eancia do senhor em nossa vida. Lindaura<\/p>\n<p>Vejam como Deus age na vida das pessoas.<\/p>\n<p>Convido voc\u00ea para participar da missa\u00a0 de S\u00e3o Judas Tadeu das causas imposs\u00edveis clamando a miseric\u00f3rdia de Jesus por sa\u00fade e liberta\u00e7\u00e3o todas quartas\u00a0 \u00e0s 19 e 30 na Rodoviaria ao lado da imagem de Nossa Senhora\u00a0 Rosa Mistica e do ter\u00e7o todos os dias\u00a0 \u00e0s 12; 15h; \u00e0s\u00a0 20e30h; \u00e0s 22h pelo youtube e Facebook do santu\u00e1rio virtual sao Judas Tadeu. svsaojudastadeu.com; \u00e0s 06h ; \u00e0s 10 e 23h pelo watzap; Deixo o n\u00famero do meu celular para me ligarem quando precisar de uma ora\u00e7\u00e3o 988652609 se eu n\u00e3o atender na hora eus retornarei assim que eu ver a liga\u00e7\u00e3o.<\/p>\n","protected":false},"excerpt":{"rendered":"<p>Meu caro leitor \u00e9 com alegria que novamente estamos chegando at\u00e9 voc\u00ea para mais uma edi\u00e7\u00e3o de palavras comovem mas testemunhos arrastam. Bem sei de sua expectativa para ler os testemunhos aqui apresentados. Hoje teremos dois belos testemunhos vamos ao primeiro: Mulher Da Restaura\u00e7\u00e3o Do Testemunho: Boa noite. Sua b\u00ean\u00e7\u00e3o padre Erelis. O senhor se [&hellip;]<\/p>\n","protected":false},"author":96,"featured_media":0,"comment_status":"closed","ping_status":"closed","sticky":false,"template":"","format":"standard","meta":{"footnotes":""},"categories":[1245],"tags":[],"class_list":["post-210653","post","type-post","status-publish","format-standard","hentry","category-padre-erelis"],"_links":{"self":[{"href":"https:\/\/diarioregionaldigital.com.br\/index.php?rest_route=\/wp\/v2\/posts\/210653","targetHints":{"allow":["GET"]}}],"collection":[{"href":"https:\/\/diarioregionaldigital.com.br\/index.php?rest_route=\/wp\/v2\/posts"}],"about":[{"href":"https:\/\/diarioregionaldigital.com.br\/index.php?rest_route=\/wp\/v2\/types\/post"}],"author":[{"embeddable":true,"href":"https:\/\/diarioregionaldigital.com.br\/index.php?rest_route=\/wp\/v2\/users\/96"}],"replies":[{"embeddable":true,"href":"https:\/\/diarioregionaldigital.com.br\/index.php?rest_route=%2Fwp%2Fv2%2Fcomments&post=210653"}],"version-history":[{"count":1,"href":"https:\/\/diarioregionaldigital.com.br\/index.php?rest_route=\/wp\/v2\/posts\/210653\/revisions"}],"predecessor-version":[{"id":210654,"href":"https:\/\/diarioregionaldigital.com.br\/index.php?rest_route=\/wp\/v2\/posts\/210653\/revisions\/210654"}],"wp:attachment":[{"href":"https:\/\/diarioregionaldigital.com.br\/index.php?rest_route=%2Fwp%2Fv2%2Fmedia&parent=210653"}],"wp:term":[{"taxonomy":"category","embeddable":true,"href":"https:\/\/diarioregionaldigital.com.br\/index.php?rest_route=%2Fwp%2Fv2%2Fcategories&post=210653"},{"taxonomy":"post_tag","embeddable":true,"href":"https:\/\/diarioregionaldigital.com.br\/index.php?rest_route=%2Fwp%2Fv2%2Ftags&post=210653"}],"curies":[{"name":"wp","href":"https:\/\/api.w.org\/{rel}","templated":true}]}}