{"id":210647,"date":"2023-02-23T00:38:43","date_gmt":"2023-02-23T03:38:43","guid":{"rendered":"https:\/\/diarioregionaldigital.com.br\/?p=210647"},"modified":"2023-02-23T00:38:43","modified_gmt":"2023-02-23T03:38:43","slug":"nota-de-pesar","status":"publish","type":"post","link":"https:\/\/diarioregionaldigital.com.br\/?p=210647","title":{"rendered":"Nota de pesar"},"content":{"rendered":"<p>Segundo informa\u00e7\u00f5es do site da Prefeitura de Juiz de Fora (PJF), a PJF\u00a0 comunica com pesar o falecimento da professora Thereza de Azevedo Leite. A educadora atuou como secret\u00e1ria de Educa\u00e7\u00e3o de Juiz e Fora, de 1993 a 1996. Manifestamos nossos sentimentos a todos amigos e familiares.<\/p>\n","protected":false},"excerpt":{"rendered":"<p>Segundo informa\u00e7\u00f5es do site da Prefeitura de Juiz de Fora (PJF), a PJF\u00a0 comunica com pesar o falecimento da professora Thereza de Azevedo Leite. A educadora atuou como secret\u00e1ria de Educa\u00e7\u00e3o de Juiz e Fora, de 1993 a 1996. Manifestamos nossos sentimentos a todos amigos e familiares.<\/p>\n","protected":false},"author":246,"featured_media":210648,"comment_status":"closed","ping_status":"closed","sticky":false,"template":"","format":"standard","meta":{"footnotes":""},"categories":[253,436,439],"tags":[],"class_list":["post-210647","post","type-post","status-publish","format-standard","has-post-thumbnail","hentry","category-cidade","category-destaque-da-semana","category-ultima-hora"],"_links":{"self":[{"href":"https:\/\/diarioregionaldigital.com.br\/index.php?rest_route=\/wp\/v2\/posts\/210647","targetHints":{"allow":["GET"]}}],"collection":[{"href":"https:\/\/diarioregionaldigital.com.br\/index.php?rest_route=\/wp\/v2\/posts"}],"about":[{"href":"https:\/\/diarioregionaldigital.com.br\/index.php?rest_route=\/wp\/v2\/types\/post"}],"author":[{"embeddable":true,"href":"https:\/\/diarioregionaldigital.com.br\/index.php?rest_route=\/wp\/v2\/users\/246"}],"replies":[{"embeddable":true,"href":"https:\/\/diarioregionaldigital.com.br\/index.php?rest_route=%2Fwp%2Fv2%2Fcomments&post=210647"}],"version-history":[{"count":1,"href":"https:\/\/diarioregionaldigital.com.br\/index.php?rest_route=\/wp\/v2\/posts\/210647\/revisions"}],"predecessor-version":[{"id":210649,"href":"https:\/\/diarioregionaldigital.com.br\/index.php?rest_route=\/wp\/v2\/posts\/210647\/revisions\/210649"}],"wp:featuredmedia":[{"embeddable":true,"href":"https:\/\/diarioregionaldigital.com.br\/index.php?rest_route=\/wp\/v2\/media\/210648"}],"wp:attachment":[{"href":"https:\/\/diarioregionaldigital.com.br\/index.php?rest_route=%2Fwp%2Fv2%2Fmedia&parent=210647"}],"wp:term":[{"taxonomy":"category","embeddable":true,"href":"https:\/\/diarioregionaldigital.com.br\/index.php?rest_route=%2Fwp%2Fv2%2Fcategories&post=210647"},{"taxonomy":"post_tag","embeddable":true,"href":"https:\/\/diarioregionaldigital.com.br\/index.php?rest_route=%2Fwp%2Fv2%2Ftags&post=210647"}],"curies":[{"name":"wp","href":"https:\/\/api.w.org\/{rel}","templated":true}]}}