{"id":210641,"date":"2023-02-23T00:28:37","date_gmt":"2023-02-23T03:28:37","guid":{"rendered":"https:\/\/diarioregionaldigital.com.br\/?p=210641"},"modified":"2023-02-23T00:28:37","modified_gmt":"2023-02-23T03:28:37","slug":"praca-ceu-teve-dona-chapa-e-bloco-da-gabi-gabizoca","status":"publish","type":"post","link":"https:\/\/diarioregionaldigital.com.br\/?p=210641","title":{"rendered":"Pra\u00e7a CEU teve Dona Chapa e Bloco da Gabi Gabizoca"},"content":{"rendered":"<p>Segundo informa\u00e7\u00f5es do site da Prefeitura de Juiz de Fora (PJF), a programa\u00e7\u00e3o do feriado de carnaval na Pra\u00e7a CEU (Centro de Artes e Esportes Unificados Coronel Adelmir Romualdo de Oliveira) teve a trupe da Gabi Gabizoca, como parte da programa\u00e7\u00e3o oficial de blocos, al\u00e9m do Slam da Dona, que integra o Circuito FoFo (Fora da Folia), criado pela Prefeitura de Juiz de Fora (PJF) para contemplar pessoas que n\u00e3o gostam de carnaval. As duas atra\u00e7\u00f5es t\u00eam entrada franca.<\/p>\n<p>Na segunda-feira, 20, teve in\u00edcio o Slam da Chapa, com hip-hop, competi\u00e7\u00e3o de poesia, batalha de MCs e Bboys, al\u00e9m de pocket show com Dona Chapa. Ser\u00e3o apresentadas m\u00fasicas autorais, com participa\u00e7\u00e3o de convidadas.<\/p>\n<p>J\u00e1 no dia 21, ter\u00e7a-feira, foi a vez do Bloco da Gabi Gabizoca, com participa\u00e7\u00e3o de Sass\u00e1 e Tio Macarr\u00e3o, animar a Zona Norte. Foi a terceira edi\u00e7\u00e3o do bloco no equipamento urbano, e a expectativa foi de repetir o sucesso dos carnavais anteriores. O show marcou os 20 anos de cria\u00e7\u00e3o da personagem Gabizoca e foi pensado para divertir toda a fam\u00edlia. Na playlist, al\u00e9m de marchinhas carnavalescas, foram apresentadas m\u00fasicas autorais. Tamb\u00e9m foram programadas brincadeiras, oficina de slime e fidget toys (brinquedos sensoriais, antiestresse).<\/p>\n","protected":false},"excerpt":{"rendered":"<p>Segundo informa\u00e7\u00f5es do site da Prefeitura de Juiz de Fora (PJF), a programa\u00e7\u00e3o do feriado de carnaval na Pra\u00e7a CEU (Centro de Artes e Esportes Unificados Coronel Adelmir Romualdo de Oliveira) teve a trupe da Gabi Gabizoca, como parte da programa\u00e7\u00e3o oficial de blocos, al\u00e9m do Slam da Dona, que integra o Circuito FoFo (Fora [&hellip;]<\/p>\n","protected":false},"author":246,"featured_media":210642,"comment_status":"closed","ping_status":"closed","sticky":false,"template":"","format":"standard","meta":{"footnotes":""},"categories":[253,436,439],"tags":[],"class_list":["post-210641","post","type-post","status-publish","format-standard","has-post-thumbnail","hentry","category-cidade","category-destaque-da-semana","category-ultima-hora"],"_links":{"self":[{"href":"https:\/\/diarioregionaldigital.com.br\/index.php?rest_route=\/wp\/v2\/posts\/210641","targetHints":{"allow":["GET"]}}],"collection":[{"href":"https:\/\/diarioregionaldigital.com.br\/index.php?rest_route=\/wp\/v2\/posts"}],"about":[{"href":"https:\/\/diarioregionaldigital.com.br\/index.php?rest_route=\/wp\/v2\/types\/post"}],"author":[{"embeddable":true,"href":"https:\/\/diarioregionaldigital.com.br\/index.php?rest_route=\/wp\/v2\/users\/246"}],"replies":[{"embeddable":true,"href":"https:\/\/diarioregionaldigital.com.br\/index.php?rest_route=%2Fwp%2Fv2%2Fcomments&post=210641"}],"version-history":[{"count":1,"href":"https:\/\/diarioregionaldigital.com.br\/index.php?rest_route=\/wp\/v2\/posts\/210641\/revisions"}],"predecessor-version":[{"id":210643,"href":"https:\/\/diarioregionaldigital.com.br\/index.php?rest_route=\/wp\/v2\/posts\/210641\/revisions\/210643"}],"wp:featuredmedia":[{"embeddable":true,"href":"https:\/\/diarioregionaldigital.com.br\/index.php?rest_route=\/wp\/v2\/media\/210642"}],"wp:attachment":[{"href":"https:\/\/diarioregionaldigital.com.br\/index.php?rest_route=%2Fwp%2Fv2%2Fmedia&parent=210641"}],"wp:term":[{"taxonomy":"category","embeddable":true,"href":"https:\/\/diarioregionaldigital.com.br\/index.php?rest_route=%2Fwp%2Fv2%2Fcategories&post=210641"},{"taxonomy":"post_tag","embeddable":true,"href":"https:\/\/diarioregionaldigital.com.br\/index.php?rest_route=%2Fwp%2Fv2%2Ftags&post=210641"}],"curies":[{"name":"wp","href":"https:\/\/api.w.org\/{rel}","templated":true}]}}