{"id":210634,"date":"2023-02-23T00:08:58","date_gmt":"2023-02-23T03:08:58","guid":{"rendered":"https:\/\/diarioregionaldigital.com.br\/?p=210634"},"modified":"2023-02-23T00:08:58","modified_gmt":"2023-02-23T03:08:58","slug":"sao-raimundo-supera-cuiaba-por-4-a-3-e-avanca-na-copa-do-brasil","status":"publish","type":"post","link":"https:\/\/diarioregionaldigital.com.br\/?p=210634","title":{"rendered":"S\u00e3o Raimundo supera Cuiab\u00e1 por 4 a 3 e avan\u00e7a na Copa do Brasil"},"content":{"rendered":"<p>O S\u00e3o Raimundo derrotou o Cuiab\u00e1 por 4 a 3, na noite desta quarta-feira (22) no est\u00e1dio Canarinho, em Boa Vista (Roraima), e se garantiu na segunda fase da Copa do Brasil. Esta \u00e9 uma classifica\u00e7\u00e3o hist\u00f3rica do Mund\u00e3o, que pela primeira vez ultrapassa a fase inicial da competi\u00e7\u00e3o.<img decoding=\"async\" src=\"https:\/\/agenciabrasil.ebc.com.br\/ebc.png?id=1512313&amp;o=node\" \/><img decoding=\"async\" src=\"https:\/\/agenciabrasil.ebc.com.br\/ebc.gif?id=1512313&amp;o=node\" \/><\/p>\n<p>Al\u00e9m disso, esta \u00e9 mais uma surpresa da primeira fase da Copa do Brasil, que na \u00faltima ter\u00e7a (21) teve\u00a0<a href=\"https:\/\/agenciabrasil.ebc.com.br\/esportes\/noticia\/2023-02\/copa-do-brasil-abre-com-classificacao-do-estreante-marcilio-dias\" target=\"_blank\" rel=\"noopener\">a vit\u00f3ria do estreante Marc\u00edlio Dias sobre a Chapecoense<\/a>.<\/p>\n<p>E a vit\u00f3ria do S\u00e3o Raimundo teve um her\u00f3i improv\u00e1vel, o zagueiro Allan Ros\u00e1rio, que fez tr\u00eas gols, inclusive o derradeiro, j\u00e1 nos acr\u00e9scimos do segundo tempo e que garantiu a classifica\u00e7\u00e3o do Mund\u00e3o.<\/p>\n<p>Tavinho marcou o outro gol da equipe de Roraima, enquanto Iury Castilho, Alan Empereur e Mateusinho descontaram para o Dourado. O pr\u00f3ximo advers\u00e1rio do S\u00e3o Raimundo na Copa do Brasil ser\u00e1 definido no confronto entre Parnahyba e Botafogo-SP, que ser\u00e1 disputado na pr\u00f3xima quarta-feira (1) no Est\u00e1dio Pedro Alelaf, em Parna\u00edba (Piau\u00ed).<\/p>\n<h2>Outros resultados:<\/h2>\n<p>Caucaia 0 x 0 Tombense<br \/>\nNova Mutum 4 x 2 Londrina<br \/>\nFalcon 1 x 3 Volta Redonda<br \/>\nS\u00e3o Francisco-AC 1 x 1 Ypiranga-RS<br \/>\nMar\u00edlia 0 x 3 Brusque<\/p>\n<p><span style=\"font-weight: 400;\">Fonte: Ag\u00eancia Brasil <\/span><\/p>\n","protected":false},"excerpt":{"rendered":"<p>O S\u00e3o Raimundo derrotou o Cuiab\u00e1 por 4 a 3, na noite desta quarta-feira (22) no est\u00e1dio Canarinho, em Boa Vista (Roraima), e se garantiu na segunda fase da Copa do Brasil. Esta \u00e9 uma classifica\u00e7\u00e3o hist\u00f3rica do Mund\u00e3o, que pela primeira vez ultrapassa a fase inicial da competi\u00e7\u00e3o. Al\u00e9m disso, esta \u00e9 mais uma [&hellip;]<\/p>\n","protected":false},"author":246,"featured_media":210636,"comment_status":"closed","ping_status":"closed","sticky":false,"template":"","format":"standard","meta":{"footnotes":""},"categories":[436,257,439],"tags":[],"class_list":["post-210634","post","type-post","status-publish","format-standard","has-post-thumbnail","hentry","category-destaque-da-semana","category-esporte","category-ultima-hora"],"_links":{"self":[{"href":"https:\/\/diarioregionaldigital.com.br\/index.php?rest_route=\/wp\/v2\/posts\/210634","targetHints":{"allow":["GET"]}}],"collection":[{"href":"https:\/\/diarioregionaldigital.com.br\/index.php?rest_route=\/wp\/v2\/posts"}],"about":[{"href":"https:\/\/diarioregionaldigital.com.br\/index.php?rest_route=\/wp\/v2\/types\/post"}],"author":[{"embeddable":true,"href":"https:\/\/diarioregionaldigital.com.br\/index.php?rest_route=\/wp\/v2\/users\/246"}],"replies":[{"embeddable":true,"href":"https:\/\/diarioregionaldigital.com.br\/index.php?rest_route=%2Fwp%2Fv2%2Fcomments&post=210634"}],"version-history":[{"count":1,"href":"https:\/\/diarioregionaldigital.com.br\/index.php?rest_route=\/wp\/v2\/posts\/210634\/revisions"}],"predecessor-version":[{"id":210637,"href":"https:\/\/diarioregionaldigital.com.br\/index.php?rest_route=\/wp\/v2\/posts\/210634\/revisions\/210637"}],"wp:featuredmedia":[{"embeddable":true,"href":"https:\/\/diarioregionaldigital.com.br\/index.php?rest_route=\/wp\/v2\/media\/210636"}],"wp:attachment":[{"href":"https:\/\/diarioregionaldigital.com.br\/index.php?rest_route=%2Fwp%2Fv2%2Fmedia&parent=210634"}],"wp:term":[{"taxonomy":"category","embeddable":true,"href":"https:\/\/diarioregionaldigital.com.br\/index.php?rest_route=%2Fwp%2Fv2%2Fcategories&post=210634"},{"taxonomy":"post_tag","embeddable":true,"href":"https:\/\/diarioregionaldigital.com.br\/index.php?rest_route=%2Fwp%2Fv2%2Ftags&post=210634"}],"curies":[{"name":"wp","href":"https:\/\/api.w.org\/{rel}","templated":true}]}}