{"id":210626,"date":"2023-02-23T00:04:07","date_gmt":"2023-02-23T03:04:07","guid":{"rendered":"https:\/\/diarioregionaldigital.com.br\/?p=210626"},"modified":"2023-02-23T00:04:07","modified_gmt":"2023-02-23T03:04:07","slug":"brasil-recebe-porto-rico-e-pode-garantir-vaga-no-mundial-de-basquete","status":"publish","type":"post","link":"https:\/\/diarioregionaldigital.com.br\/?p=210626","title":{"rendered":"Brasil recebe Porto Rico e pode garantir vaga no Mundial de basquete"},"content":{"rendered":"<p>A sele\u00e7\u00e3o brasileira masculina pode carimbar na noite desta quinta-feira (23) o passaporte para a Copa do Mundo de Basquete 2023, competi\u00e7\u00e3o que garante vagas \u00e0 Olimp\u00edada de Paris no ano que vem. O pa\u00eds enfrenta Porto Rico, \u00e0s 19h30 (hor\u00e1rio de Bras\u00edlia), no Gin\u00e1sio Arn\u00e3o, em Santa Cruz do Sul (RS), no primeiro dos dois jogos da \u00faltima janela das eliminat\u00f3rias para o Mundial. O outro ser\u00e1 contra os Estados Unidos, no pr\u00f3ximo domingo (26), \u00e0s 21h10, no mesmo local. A vit\u00f3ria em qualquer um dos confrontos assegura a ida do Brasil ao Mundial.\u00a0<img decoding=\"async\" src=\"https:\/\/agenciabrasil.ebc.com.br\/ebc.png?id=1512285&amp;o=node\" \/><img decoding=\"async\" src=\"https:\/\/agenciabrasil.ebc.com.br\/ebc.gif?id=1512285&amp;o=node\" \/><\/p>\n<p>Os tr\u00eas primeiros colocados na \u00faltima janela das eliminat\u00f3rias se classificam para a Copa do Mundo, programada para come\u00e7ar em 25 de agosto na Indon\u00e9sia, Jap\u00e3o e Filipinas. O Brasil \u00e9 o atual segundo colocado do Grupo F das eliminat\u00f3rias, atr\u00e1s apenas dos Estados Unidos (veja\u00a0 classifica\u00e7\u00e3o abaixo). Se ganhar os dois confrontos em Santa Cruz do Sul, a sele\u00e7\u00e3o termina na lideran\u00e7a do Grupo F e levar\u00e1 vantagem no sorteio das chaves do Mundial.<\/p>\n<p>Para Gustavo De Conti, t\u00e9cnico da sele\u00e7\u00e3o, o apoio da torcida ser\u00e1 um incentivo a mais para a equipe conquistar a t\u00e3o sonhada classifica\u00e7\u00e3o.<\/p>\n<p>\u201cA equipe ganhou uma nova mentalidade ap\u00f3s a Copa Am\u00e9rica, em setembro. Ali tivemos 22 dias de prepara\u00e7\u00e3o, e os jogadores conseguiram entender a din\u00e2mica. Fomos crescendo, chegamos ao vice-campeonato e na \u00faltima janela, em novembro, fizemos dois grandes jogos contra EUA e M\u00e9xico. Queremos seguir essa evolu\u00e7\u00e3o, fomos muito bem recebidos em Santa Cruz do Sul e queremos devolver esse carinho\u201d, avaliou De Conti.<\/p>\n<p>O treinador convocou 15 jogadores para a \u00faltima janela das Eliminat\u00f3rias. O grupo re\u00fane desde atletas experientes que j\u00e1 competiram nos Jogos de Londres 2012 e Rio 2016 (Vitor Benite, Marcelinho Huertas e Rafael Hettsheimeir), como jogadores mais jovens como Yago Mateus, Georginho e Gui Santos.<\/p>\n<p>A escala\u00e7\u00e3o para o embate contra Porto Rico, com 12 jogadores,\u00a0 ser\u00e1 definida por De Conti momentos antes da partida. E quem n\u00e3o v\u00ea a hora do jogo come\u00e7ar \u00e9 o ala\/piv\u00f4 Bruno Caboclo.<\/p>\n<p>&#8220;Nosso time est\u00e1 confiante, treinando bem, se conhecendo cada vez melhor. E com v\u00e1rios atletas vivendo grande momento em seus clubes. Queremos muito essa vaga no Mundial para depois pensar na melhor prepara\u00e7\u00e3o poss\u00edvel em busca da Olimp\u00edada e medalha\u201d, projeta o atleta que joga atualmente no clube alem\u00e3o Ratiopharm Ulm.<\/p>\n<h2>Classifica\u00e7\u00e3o do Grupo F das Eliminat\u00f3rias<\/h2>\n<p>1\u00ba &#8211; Estados Unidos &#8211; 8 vit\u00f3rias &#8211; 2 derrotas<\/p>\n<p><strong>2\u00ba &#8211; Brasil &#8211; 7 vit\u00f3rias &#8211; 3 derrotas<\/strong><\/p>\n<p>3\u00ba &#8211;\u00a0Porto Rico &#8211; 6 vit\u00f3rias &#8211; 4 derrotas<\/p>\n<p>4\u00ba &#8211; M\u00e9xico &#8211; 6 vit\u00f3rias &#8211; 4 derrotas<\/p>\n<p>5\u00ba &#8211; Uruguai &#8211; 5 vit\u00f3rias &#8211; 5 derrotas<\/p>\n<p>6\u00ba &#8211; Col\u00f4mbia &#8211; 3 vit\u00f3rias &#8211; 7 derrotas<\/p>\n<h2>Convocados da sele\u00e7\u00e3o brasileira<\/h2>\n<p><strong>Armadores<\/strong><\/p>\n<p>Marcelinho Huertas &#8211; Tenerife-ESP<br \/>\nYago dos Santos &#8211; Ratiopharm Ulm-ALE<br \/>\nElinho Corazza &#8211; S\u00e3o Paulo<\/p>\n<p><strong>Alas\/Armadores<\/strong><\/p>\n<p>George de Paula &#8211; SESI Franca<br \/>\nVitor Benite &#8211; Gran Canaria-ESP<br \/>\nGui Deodato &#8211; Flamengo<\/p>\n<p><strong>Alas<\/strong><\/p>\n<p>L\u00e9o Meindl &#8211; U-Banca-ROM<br \/>\nGuilherme Santos &#8211; Santa Cruz Warriors-EUA<\/p>\n<p><strong>Alas\/piv\u00f4s<\/strong><\/p>\n<p>Gabriel Ja\u00fa &#8211; Flamengo<br \/>\nWesley Castro &#8211; 123 Minas<br \/>\nM\u00e1rcio Santos &#8211; SESI Franca<br \/>\nBruno Caboclo &#8211; Ratiopharm Ulm-ALE<br \/>\nRafael Mineiro &#8211; Flamengo<\/p>\n<p><strong>Piv\u00f4s<\/strong><\/p>\n<p>Rafael Hettsheimeir &#8211; Flamengo<br \/>\nLucas Mariano &#8211; SESI Franca<\/p>\n<p><span style=\"font-weight: 400;\">Fonte: Ag\u00eancia Brasil <\/span><\/p>\n","protected":false},"excerpt":{"rendered":"<p>A sele\u00e7\u00e3o brasileira masculina pode carimbar na noite desta quinta-feira (23) o passaporte para a Copa do Mundo de Basquete 2023, competi\u00e7\u00e3o que garante vagas \u00e0 Olimp\u00edada de Paris no ano que vem. O pa\u00eds enfrenta Porto Rico, \u00e0s 19h30 (hor\u00e1rio de Bras\u00edlia), no Gin\u00e1sio Arn\u00e3o, em Santa Cruz do Sul (RS), no primeiro dos [&hellip;]<\/p>\n","protected":false},"author":246,"featured_media":210627,"comment_status":"closed","ping_status":"closed","sticky":false,"template":"","format":"standard","meta":{"footnotes":""},"categories":[436,257,439],"tags":[],"class_list":["post-210626","post","type-post","status-publish","format-standard","has-post-thumbnail","hentry","category-destaque-da-semana","category-esporte","category-ultima-hora"],"_links":{"self":[{"href":"https:\/\/diarioregionaldigital.com.br\/index.php?rest_route=\/wp\/v2\/posts\/210626","targetHints":{"allow":["GET"]}}],"collection":[{"href":"https:\/\/diarioregionaldigital.com.br\/index.php?rest_route=\/wp\/v2\/posts"}],"about":[{"href":"https:\/\/diarioregionaldigital.com.br\/index.php?rest_route=\/wp\/v2\/types\/post"}],"author":[{"embeddable":true,"href":"https:\/\/diarioregionaldigital.com.br\/index.php?rest_route=\/wp\/v2\/users\/246"}],"replies":[{"embeddable":true,"href":"https:\/\/diarioregionaldigital.com.br\/index.php?rest_route=%2Fwp%2Fv2%2Fcomments&post=210626"}],"version-history":[{"count":1,"href":"https:\/\/diarioregionaldigital.com.br\/index.php?rest_route=\/wp\/v2\/posts\/210626\/revisions"}],"predecessor-version":[{"id":210628,"href":"https:\/\/diarioregionaldigital.com.br\/index.php?rest_route=\/wp\/v2\/posts\/210626\/revisions\/210628"}],"wp:featuredmedia":[{"embeddable":true,"href":"https:\/\/diarioregionaldigital.com.br\/index.php?rest_route=\/wp\/v2\/media\/210627"}],"wp:attachment":[{"href":"https:\/\/diarioregionaldigital.com.br\/index.php?rest_route=%2Fwp%2Fv2%2Fmedia&parent=210626"}],"wp:term":[{"taxonomy":"category","embeddable":true,"href":"https:\/\/diarioregionaldigital.com.br\/index.php?rest_route=%2Fwp%2Fv2%2Fcategories&post=210626"},{"taxonomy":"post_tag","embeddable":true,"href":"https:\/\/diarioregionaldigital.com.br\/index.php?rest_route=%2Fwp%2Fv2%2Ftags&post=210626"}],"curies":[{"name":"wp","href":"https:\/\/api.w.org\/{rel}","templated":true}]}}