{"id":210623,"date":"2023-02-23T00:01:11","date_gmt":"2023-02-23T03:01:11","guid":{"rendered":"https:\/\/diarioregionaldigital.com.br\/?p=210623"},"modified":"2023-02-23T00:01:11","modified_gmt":"2023-02-23T03:01:11","slug":"atletico-mg-empata-com-carabobo-na-fase-previa-da-libertadores","status":"publish","type":"post","link":"https:\/\/diarioregionaldigital.com.br\/?p=210623","title":{"rendered":"Atl\u00e9tico-MG empata com Carabobo na fase pr\u00e9via da Libertadores"},"content":{"rendered":"<p>O Atl\u00e9tico-MG empatou em 0 a 0 com o Carabobo (Venezuela), na noite desta quarta-feira (22) no est\u00e1dio Olimpico de la UCV, em Caracas, em jogo v\u00e1lido pela segunda fase pr\u00e9via da Copa Libertadores. Agora, as equipes voltam a se enfrentar na pr\u00f3xima quarta (1) no est\u00e1dio do Mineir\u00e3o para ver quem avan\u00e7a na competi\u00e7\u00e3o.<img decoding=\"async\" src=\"https:\/\/agenciabrasil.ebc.com.br\/ebc.png?id=1512321&amp;o=node\" \/><img decoding=\"async\" src=\"https:\/\/agenciabrasil.ebc.com.br\/ebc.gif?id=1512321&amp;o=node\" \/><\/p>\n<p>Quem se classificar pega o vencedor do duelo envolvendo Millonarios (Col\u00f4mbia) e Universidad Cat\u00f3lica (Equador).<\/p>\n<p>Mesmo sem contar com atacante Hulk, que foi cortado da partida ap\u00f3s testar positivo para o novo coronav\u00edrus (covid-19), o Galo foi superior durante toda a partida, tendo como destaque o camisa 10 Paulinho. Por\u00e9m, a equipe venezuelana fez um grande trabalho defensivo para segurar o empate at\u00e9 o minuto final.<\/p>\n<h2>Insultos racistas<\/h2>\n<p>Antes de a bola rolar, a delega\u00e7\u00e3o do Atl\u00e9tico-MG foi v\u00edtima de insultos racistas de torcedores no momento em que chegava ao est\u00e1dio no qual foi disputada a partida. Logo ap\u00f3s o epis\u00f3dio o Galo se pronunciou em uma rede social: \u201cO Clube Atl\u00e9tico Mineiro repudia veementemente as ofensas racistas e xenof\u00f3bicas dirigidas \u00e0 nossa delega\u00e7\u00e3o durante a chegada do time ao est\u00e1dio Ol\u00edmpico de Caracas\u201d.<\/p>\n<p>Logo depois a Conmebol tamb\u00e9m se posicionou em rela\u00e7\u00e3o \u00e0s agress\u00f5es: \u201cA Conmebol considera absolutamente inaceit\u00e1vel qualquer manifesta\u00e7\u00e3o de racismo e outras formas de viol\u00eancia em seus torneios. Em maio de 2022, o Conselho da Conmebol modificou o C\u00f3digo Disciplinar, aumentando as penas para atos discriminat\u00f3rios\u201d.<\/p>\n<p><span style=\"font-weight: 400;\">Fonte: Ag\u00eancia Brasil\u00a0<\/span><span style=\"font-weight: 400;\"><br \/>\n<\/span><\/p>\n","protected":false},"excerpt":{"rendered":"<p>O Atl\u00e9tico-MG empatou em 0 a 0 com o Carabobo (Venezuela), na noite desta quarta-feira (22) no est\u00e1dio Olimpico de la UCV, em Caracas, em jogo v\u00e1lido pela segunda fase pr\u00e9via da Copa Libertadores. Agora, as equipes voltam a se enfrentar na pr\u00f3xima quarta (1) no est\u00e1dio do Mineir\u00e3o para ver quem avan\u00e7a na competi\u00e7\u00e3o. [&hellip;]<\/p>\n","protected":false},"author":246,"featured_media":210624,"comment_status":"closed","ping_status":"closed","sticky":false,"template":"","format":"standard","meta":{"footnotes":""},"categories":[436,440,257,439],"tags":[],"class_list":["post-210623","post","type-post","status-publish","format-standard","has-post-thumbnail","hentry","category-destaque-da-semana","category-destaques-do-dia","category-esporte","category-ultima-hora"],"_links":{"self":[{"href":"https:\/\/diarioregionaldigital.com.br\/index.php?rest_route=\/wp\/v2\/posts\/210623","targetHints":{"allow":["GET"]}}],"collection":[{"href":"https:\/\/diarioregionaldigital.com.br\/index.php?rest_route=\/wp\/v2\/posts"}],"about":[{"href":"https:\/\/diarioregionaldigital.com.br\/index.php?rest_route=\/wp\/v2\/types\/post"}],"author":[{"embeddable":true,"href":"https:\/\/diarioregionaldigital.com.br\/index.php?rest_route=\/wp\/v2\/users\/246"}],"replies":[{"embeddable":true,"href":"https:\/\/diarioregionaldigital.com.br\/index.php?rest_route=%2Fwp%2Fv2%2Fcomments&post=210623"}],"version-history":[{"count":1,"href":"https:\/\/diarioregionaldigital.com.br\/index.php?rest_route=\/wp\/v2\/posts\/210623\/revisions"}],"predecessor-version":[{"id":210625,"href":"https:\/\/diarioregionaldigital.com.br\/index.php?rest_route=\/wp\/v2\/posts\/210623\/revisions\/210625"}],"wp:featuredmedia":[{"embeddable":true,"href":"https:\/\/diarioregionaldigital.com.br\/index.php?rest_route=\/wp\/v2\/media\/210624"}],"wp:attachment":[{"href":"https:\/\/diarioregionaldigital.com.br\/index.php?rest_route=%2Fwp%2Fv2%2Fmedia&parent=210623"}],"wp:term":[{"taxonomy":"category","embeddable":true,"href":"https:\/\/diarioregionaldigital.com.br\/index.php?rest_route=%2Fwp%2Fv2%2Fcategories&post=210623"},{"taxonomy":"post_tag","embeddable":true,"href":"https:\/\/diarioregionaldigital.com.br\/index.php?rest_route=%2Fwp%2Fv2%2Ftags&post=210623"}],"curies":[{"name":"wp","href":"https:\/\/api.w.org\/{rel}","templated":true}]}}