{"id":210617,"date":"2023-02-22T23:48:02","date_gmt":"2023-02-23T02:48:02","guid":{"rendered":"https:\/\/diarioregionaldigital.com.br\/?p=210617"},"modified":"2023-02-22T23:48:02","modified_gmt":"2023-02-23T02:48:02","slug":"ibama-e-funai-revistam-garimpeiros-na-saida-de-terra-yanomami","status":"publish","type":"post","link":"https:\/\/diarioregionaldigital.com.br\/?p=210617","title":{"rendered":"Ibama e Funai revistam garimpeiros na sa\u00edda de terra Yanomami"},"content":{"rendered":"<p>O Instituto Brasileiro do Meio Ambiente e dos Recursos Naturais Renov\u00e1veis (Ibama) instalou no in\u00edcio desta semana uma barreira f\u00edsica no Rio Uraricoera, que \u00e9 principal acesso aos garimpos instalados na Terra Ind\u00edgena Yanomami, em Roraima. A a\u00e7\u00e3o ocorreu em conjunto com a Funai.<img decoding=\"async\" src=\"https:\/\/agenciabrasil.ebc.com.br\/ebc.png?id=1512267&amp;o=node\" \/><img decoding=\"async\" src=\"https:\/\/agenciabrasil.ebc.com.br\/ebc.gif?id=1512267&amp;o=node\" \/><\/p>\n<p>De acordo com o Ibama, a barreira consiste em um cabo de a\u00e7o de 240 metros de comprimento, que atravessa o leito do rio. Com isso, as embarca\u00e7\u00f5es que deixam os garimpos s\u00e3o obrigadas a parar na base de opera\u00e7\u00e3o na aldeia Palimi\u00fa para uma revista.<\/p>\n<p>\u201cDessa forma, agentes ambientais impedem a sa\u00edda de minerais e equipamentos utilizados em atividades ilegais, al\u00e9m de bloquear o acesso de mais garimpeiros ao local\u201d, informa o Ibama, em mensagem nas redes sociais. A barreira ficar\u00e1 no local por tempo indeterminado.<\/p>\n<p>Mais duas balsas est\u00e3o posicionadas no meio do rio com agentes do Ibama e da For\u00e7a Nacional, que permanecem 24 horas em vigil\u00e2ncia para abordagem das embarca\u00e7\u00f5es.<\/p>\n<p><span style=\"font-weight: 400;\">Fonte: Ag\u00eancia Brasil <\/span><\/p>\n","protected":false},"excerpt":{"rendered":"<p>O Instituto Brasileiro do Meio Ambiente e dos Recursos Naturais Renov\u00e1veis (Ibama) instalou no in\u00edcio desta semana uma barreira f\u00edsica no Rio Uraricoera, que \u00e9 principal acesso aos garimpos instalados na Terra Ind\u00edgena Yanomami, em Roraima. A a\u00e7\u00e3o ocorreu em conjunto com a Funai. De acordo com o Ibama, a barreira consiste em um cabo [&hellip;]<\/p>\n","protected":false},"author":246,"featured_media":210618,"comment_status":"closed","ping_status":"closed","sticky":false,"template":"","format":"standard","meta":{"footnotes":""},"categories":[436,254,439],"tags":[],"class_list":["post-210617","post","type-post","status-publish","format-standard","has-post-thumbnail","hentry","category-destaque-da-semana","category-politica","category-ultima-hora"],"_links":{"self":[{"href":"https:\/\/diarioregionaldigital.com.br\/index.php?rest_route=\/wp\/v2\/posts\/210617","targetHints":{"allow":["GET"]}}],"collection":[{"href":"https:\/\/diarioregionaldigital.com.br\/index.php?rest_route=\/wp\/v2\/posts"}],"about":[{"href":"https:\/\/diarioregionaldigital.com.br\/index.php?rest_route=\/wp\/v2\/types\/post"}],"author":[{"embeddable":true,"href":"https:\/\/diarioregionaldigital.com.br\/index.php?rest_route=\/wp\/v2\/users\/246"}],"replies":[{"embeddable":true,"href":"https:\/\/diarioregionaldigital.com.br\/index.php?rest_route=%2Fwp%2Fv2%2Fcomments&post=210617"}],"version-history":[{"count":1,"href":"https:\/\/diarioregionaldigital.com.br\/index.php?rest_route=\/wp\/v2\/posts\/210617\/revisions"}],"predecessor-version":[{"id":210619,"href":"https:\/\/diarioregionaldigital.com.br\/index.php?rest_route=\/wp\/v2\/posts\/210617\/revisions\/210619"}],"wp:featuredmedia":[{"embeddable":true,"href":"https:\/\/diarioregionaldigital.com.br\/index.php?rest_route=\/wp\/v2\/media\/210618"}],"wp:attachment":[{"href":"https:\/\/diarioregionaldigital.com.br\/index.php?rest_route=%2Fwp%2Fv2%2Fmedia&parent=210617"}],"wp:term":[{"taxonomy":"category","embeddable":true,"href":"https:\/\/diarioregionaldigital.com.br\/index.php?rest_route=%2Fwp%2Fv2%2Fcategories&post=210617"},{"taxonomy":"post_tag","embeddable":true,"href":"https:\/\/diarioregionaldigital.com.br\/index.php?rest_route=%2Fwp%2Fv2%2Ftags&post=210617"}],"curies":[{"name":"wp","href":"https:\/\/api.w.org\/{rel}","templated":true}]}}