{"id":210614,"date":"2023-02-22T23:46:34","date_gmt":"2023-02-23T02:46:34","guid":{"rendered":"https:\/\/diarioregionaldigital.com.br\/?p=210614"},"modified":"2023-02-22T23:46:34","modified_gmt":"2023-02-23T02:46:34","slug":"governo-cria-gt-para-discutir-combate-a-discursos-de-odio-e-extremismo","status":"publish","type":"post","link":"https:\/\/diarioregionaldigital.com.br\/?p=210614","title":{"rendered":"Governo cria GT para discutir combate a discursos de \u00f3dio e extremismo"},"content":{"rendered":"<p>O Minist\u00e9rio dos Direitos Humanos e da Cidadania institui um grupo de trabalho (GT) para apresenta\u00e7\u00e3o de estrat\u00e9gias de combate ao discurso de \u00f3dio e ao extremismo e para a proposi\u00e7\u00e3o de pol\u00edticas p\u00fablicas em direitos humanos sobre o tema. A\u00a0<a href=\"https:\/\/www.in.gov.br\/en\/web\/dou\/-\/portaria-n-129-de-17-de-fevereiro-de-2023-465411989\" target=\"_blank\" rel=\"noopener\">portaria<\/a>\u00a0foi publicada\u00a0hoje\u00a0(22) no\u00a0<em>Di\u00e1rio Oficial da Uni\u00e3o<\/em>\u00a0e entra em vigor em 1\u00ba de mar\u00e7o.<img decoding=\"async\" src=\"https:\/\/agenciabrasil.ebc.com.br\/ebc.png?id=1512239&amp;o=node\" \/><img decoding=\"async\" src=\"https:\/\/agenciabrasil.ebc.com.br\/ebc.gif?id=1512239&amp;o=node\" \/><\/p>\n<p>A ex-deputada federal Manuela D\u00b4\u00c1vila presidir\u00e1 os trabalhos. Ela e outros 23 representantes da sociedade civil participar\u00e3o do GT. O advogado e professor Camilo Onoda Caldas ser\u00e1 o relator. Tamb\u00e9m integrar\u00e3o o grupo nomes como o do influenciador Felipe Neto e da antrop\u00f3loga D\u00e9bora Diniz.<\/p>\n<p>Os demais representantes da sociedade civil s\u00e3o: Christian Ingo Lenz Dunker; Esther Solano; Felippe Mendon\u00e7a; Guilherme Stolle Paix\u00e3o e Casar\u00f5es; Jo\u00e3o Cezar de Castro Rocha; Isabela Oliveira Kalil; Let\u00edcia Maria Costa da Nobrega Cesarino; Dolores Aronovich Aguero; Lusmarina Campos Garcia; Magali do Nascimento Cunha; Marcos Xukuru; Michel Gherman; Nina Santos; Patr\u00edcia Campos Mello; Pedro Rodrigues Curi Hallal; Rosane da Silva Borges; Ricardo Campos; Ronilso Pacheco; Rosana Pinheiro-Machado; e Rodney William Eug\u00eanio.<\/p>\n<p>O grupo tamb\u00e9m ser\u00e1 composto por cinco representantes do Minist\u00e9rio dos Direitos Humanos e da Cidadania, sendo um da Secretaria Nacional de Promo\u00e7\u00e3o e Defesa dos Direitos Humanos; um da Secretaria Nacional dos Direitos das Pessoas LGBTQIA+; um da Assessoria de Participa\u00e7\u00e3o Social e Diversidade; um da Assessoria Especial de Comunica\u00e7\u00e3o Social; e um da Assessoria Especial de Educa\u00e7\u00e3o e Cultura em Direitos Humanos.<\/p>\n<p>Ainda ser\u00e3o convidados a participar do grupo de trabalho\u00a0representantes da Secretaria de Comunica\u00e7\u00e3o Social da Presid\u00eancia da Rep\u00fablica, da Advocacia-Geral da Uni\u00e3o e dos minist\u00e9rios da Educa\u00e7\u00e3o; da Igualdade Racial; da Justi\u00e7a e Seguran\u00e7a P\u00fablica; das Mulheres; e dos Povos Ind\u00edgenas.<\/p>\n<p>Os trabalhos ter\u00e3o dura\u00e7\u00e3o de 180 dias, podendo ser prorrogados, e a participa\u00e7\u00e3o dos representantes ser\u00e1 considerada presta\u00e7\u00e3o de servi\u00e7o p\u00fablico relevante, ou seja, n\u00e3o remunerada.<\/p>\n<h2>Repercuss\u00e3o<\/h2>\n<p>Alguns integrantes do grupo de trabalho manifestaram-se nas redes sociais. A antrop\u00f3loga Rosana Pinheiro-Machado informou que est\u00e1 disposta a colaborar para evitar a prolifera\u00e7\u00e3o do \u00f3dio. \u201cOntem, inimigos do Estado.\u00a0Hoje, juntos na luta do Minist\u00e9rio dos Direitos Humanos contra discurso de \u00f3dio. Obrigada pelo convite, ministro Silvio Lual. Farei meu melhor junto a esse grupo de colegas brilhantes com quem aprenderei muito\u201d, postou a pesquisadora, que estuda a consolida\u00e7\u00e3o dos discursos de extrema-direita na popula\u00e7\u00e3o.<\/p>\n<p>Professor de Sociologia da Universidade Federal do Rio\u00a0de Janeiro\u00a0(UFRJ) e pesquisador do Centro de Estudos do Antissemitismo da Universidade Hebraica de Jerusal\u00e9m, Michel Gherman elogiou a composi\u00e7\u00e3o do grupo e classificou a iniciativa como necess\u00e1ria, no \u201cmomento importante e delicado da hist\u00f3ria recente do Brasil\u201d. \u201cJunto com uma equipe de profissionais de excel\u00eancia, muitos tamb\u00e9m amigos de caminhada, pretendemos juntos propor pol\u00edticas p\u00fablicas de combate ao \u00f3dio, \u00e0 intoler\u00e2ncia e ao fascismo que assolou o pa\u00eds nos \u00faltimos anos\u201d, escreveu Gherman.<\/p>\n<p>Professor titular do Instituto de Psicologia da Universidade de S\u00e3o Paulo (USP), Christian Dunker postou que o grupo ser\u00e1 uma \u201coportunidade de trabalharmos juntos contra esta forma de viol\u00eancia\u201d. Nomeada para o GT, a professora e jornalista Rosane Borges informou \u00e0\u00a0<strong>Ag\u00eancia Brasil\u00a0<\/strong>que teve de recusar o convite por causa de compromissos de trabalho.<\/p>\n<p>Segundo a organiza\u00e7\u00e3o Safernet, que monitora crimes cibern\u00e9ticos e atua pela seguran\u00e7a na internet, as\u00a0<a href=\"https:\/\/agenciabrasil.ebc.com.br\/direitos-humanos\/noticia\/2023-02\/denuncias-de-crimes-na-internet-com-discurso-de-odio-crescem-em-2022\" target=\"_blank\" rel=\"noopener\">den\u00fancias por crimes de \u00f3dio na internet<\/a>\u00a0cresceram 67,7% em 2022. No ano passado, a Central Nacional de Den\u00fancias de Crimes Cibern\u00e9ticos da organiza\u00e7\u00e3o recebeu mais de 74 mil ocorr\u00eancias.<\/p>\n<p><span style=\"font-weight: 400;\">Fonte: Ag\u00eancia Brasil <\/span><\/p>\n","protected":false},"excerpt":{"rendered":"<p>O Minist\u00e9rio dos Direitos Humanos e da Cidadania institui um grupo de trabalho (GT) para apresenta\u00e7\u00e3o de estrat\u00e9gias de combate ao discurso de \u00f3dio e ao extremismo e para a proposi\u00e7\u00e3o de pol\u00edticas p\u00fablicas em direitos humanos sobre o tema. A\u00a0portaria\u00a0foi publicada\u00a0hoje\u00a0(22) no\u00a0Di\u00e1rio Oficial da Uni\u00e3o\u00a0e entra em vigor em 1\u00ba de mar\u00e7o. A ex-deputada [&hellip;]<\/p>\n","protected":false},"author":246,"featured_media":210615,"comment_status":"closed","ping_status":"closed","sticky":false,"template":"","format":"standard","meta":{"footnotes":""},"categories":[436,254,439],"tags":[],"class_list":["post-210614","post","type-post","status-publish","format-standard","has-post-thumbnail","hentry","category-destaque-da-semana","category-politica","category-ultima-hora"],"_links":{"self":[{"href":"https:\/\/diarioregionaldigital.com.br\/index.php?rest_route=\/wp\/v2\/posts\/210614","targetHints":{"allow":["GET"]}}],"collection":[{"href":"https:\/\/diarioregionaldigital.com.br\/index.php?rest_route=\/wp\/v2\/posts"}],"about":[{"href":"https:\/\/diarioregionaldigital.com.br\/index.php?rest_route=\/wp\/v2\/types\/post"}],"author":[{"embeddable":true,"href":"https:\/\/diarioregionaldigital.com.br\/index.php?rest_route=\/wp\/v2\/users\/246"}],"replies":[{"embeddable":true,"href":"https:\/\/diarioregionaldigital.com.br\/index.php?rest_route=%2Fwp%2Fv2%2Fcomments&post=210614"}],"version-history":[{"count":1,"href":"https:\/\/diarioregionaldigital.com.br\/index.php?rest_route=\/wp\/v2\/posts\/210614\/revisions"}],"predecessor-version":[{"id":210616,"href":"https:\/\/diarioregionaldigital.com.br\/index.php?rest_route=\/wp\/v2\/posts\/210614\/revisions\/210616"}],"wp:featuredmedia":[{"embeddable":true,"href":"https:\/\/diarioregionaldigital.com.br\/index.php?rest_route=\/wp\/v2\/media\/210615"}],"wp:attachment":[{"href":"https:\/\/diarioregionaldigital.com.br\/index.php?rest_route=%2Fwp%2Fv2%2Fmedia&parent=210614"}],"wp:term":[{"taxonomy":"category","embeddable":true,"href":"https:\/\/diarioregionaldigital.com.br\/index.php?rest_route=%2Fwp%2Fv2%2Fcategories&post=210614"},{"taxonomy":"post_tag","embeddable":true,"href":"https:\/\/diarioregionaldigital.com.br\/index.php?rest_route=%2Fwp%2Fv2%2Ftags&post=210614"}],"curies":[{"name":"wp","href":"https:\/\/api.w.org\/{rel}","templated":true}]}}