{"id":210611,"date":"2023-02-22T23:43:41","date_gmt":"2023-02-23T02:43:41","guid":{"rendered":"https:\/\/diarioregionaldigital.com.br\/?p=210611"},"modified":"2023-02-22T23:43:41","modified_gmt":"2023-02-23T02:43:41","slug":"dino-determina-novo-inquerito-sobre-mortes-de-marielle-e-anderson","status":"publish","type":"post","link":"https:\/\/diarioregionaldigital.com.br\/?p=210611","title":{"rendered":"Dino determina novo inqu\u00e9rito sobre mortes de Marielle e Anderson"},"content":{"rendered":"<p>O ministro da Justi\u00e7a e Seguran\u00e7a P\u00fablica, Fl\u00e1vio Dino, informou hoje (22)\u00a0que determinou a instaura\u00e7\u00e3o de um novo inqu\u00e9rito da Pol\u00edcia Federal para ampliar a colabora\u00e7\u00e3o com as investiga\u00e7\u00f5es sobre o assassinato da vereadora Marielle Franco e do motorista Anderson Gomes, que conduzia o ve\u00edculo em que ela estava.<img decoding=\"async\" src=\"https:\/\/agenciabrasil.ebc.com.br\/ebc.png?id=1512142&amp;o=node\" \/><img decoding=\"async\" src=\"https:\/\/agenciabrasil.ebc.com.br\/ebc.gif?id=1512142&amp;o=node\" \/><\/p>\n<p>O crime completa cinco anos no dia 14 de mar\u00e7o e ainda n\u00e3o houve conclus\u00e3o sobre mandantes e motiva\u00e7\u00f5es.<\/p>\n<p>&#8220;Estamos fazendo o m\u00e1ximo para ajudar a esclarecer tais crimes&#8221;, disse o ministro, ao anunciar a medida nas redes sociais.<\/p>\n<p>Dino publicou imagens de uma portaria do Setor de Intelig\u00eancia da Pol\u00edcia Federal no Rio de Janeiro, segundo o qual o delegado Guilhermo de Paula Machado Catramby \u00e9 o respons\u00e1vel pelo caso. A portaria instaura o inqu\u00e9rito determinando que as investiga\u00e7\u00f5es apurem todas as circunst\u00e2ncias que envolvem os crimes.<\/p>\n<p>As investiga\u00e7\u00f5es da Pol\u00edcia Civil e do Minist\u00e9rio P\u00fablico do Estado do Rio de Janeiro apontaram o sargento reformado e expulso da Pol\u00edcia Militar do Rio de Janeiro (PMRJ) Ronnie Lessa como o autor dos disparos, com colabora\u00e7\u00e3o do ex-policial militar \u00c9lcio Queiroz.<\/p>\n<p>Eles est\u00e3o presos preventivamente desde 2019 e respondem por duplo homic\u00eddio triplamente qualificado (motivo torpe, emboscada e recurso que dificultou a defesa da v\u00edtima) e pela tentativa de homic\u00eddio contra uma assessora de Marielle, que tamb\u00e9m estava no ve\u00edculo e sobreviveu.<\/p>\n<p><span style=\"font-weight: 400;\">Fonte: Ag\u00eancia Brasil <\/span><\/p>\n","protected":false},"excerpt":{"rendered":"<p>O ministro da Justi\u00e7a e Seguran\u00e7a P\u00fablica, Fl\u00e1vio Dino, informou hoje (22)\u00a0que determinou a instaura\u00e7\u00e3o de um novo inqu\u00e9rito da Pol\u00edcia Federal para ampliar a colabora\u00e7\u00e3o com as investiga\u00e7\u00f5es sobre o assassinato da vereadora Marielle Franco e do motorista Anderson Gomes, que conduzia o ve\u00edculo em que ela estava. O crime completa cinco anos no [&hellip;]<\/p>\n","protected":false},"author":246,"featured_media":210612,"comment_status":"closed","ping_status":"closed","sticky":false,"template":"","format":"standard","meta":{"footnotes":""},"categories":[436,440,254,439],"tags":[],"class_list":["post-210611","post","type-post","status-publish","format-standard","has-post-thumbnail","hentry","category-destaque-da-semana","category-destaques-do-dia","category-politica","category-ultima-hora"],"_links":{"self":[{"href":"https:\/\/diarioregionaldigital.com.br\/index.php?rest_route=\/wp\/v2\/posts\/210611","targetHints":{"allow":["GET"]}}],"collection":[{"href":"https:\/\/diarioregionaldigital.com.br\/index.php?rest_route=\/wp\/v2\/posts"}],"about":[{"href":"https:\/\/diarioregionaldigital.com.br\/index.php?rest_route=\/wp\/v2\/types\/post"}],"author":[{"embeddable":true,"href":"https:\/\/diarioregionaldigital.com.br\/index.php?rest_route=\/wp\/v2\/users\/246"}],"replies":[{"embeddable":true,"href":"https:\/\/diarioregionaldigital.com.br\/index.php?rest_route=%2Fwp%2Fv2%2Fcomments&post=210611"}],"version-history":[{"count":1,"href":"https:\/\/diarioregionaldigital.com.br\/index.php?rest_route=\/wp\/v2\/posts\/210611\/revisions"}],"predecessor-version":[{"id":210613,"href":"https:\/\/diarioregionaldigital.com.br\/index.php?rest_route=\/wp\/v2\/posts\/210611\/revisions\/210613"}],"wp:featuredmedia":[{"embeddable":true,"href":"https:\/\/diarioregionaldigital.com.br\/index.php?rest_route=\/wp\/v2\/media\/210612"}],"wp:attachment":[{"href":"https:\/\/diarioregionaldigital.com.br\/index.php?rest_route=%2Fwp%2Fv2%2Fmedia&parent=210611"}],"wp:term":[{"taxonomy":"category","embeddable":true,"href":"https:\/\/diarioregionaldigital.com.br\/index.php?rest_route=%2Fwp%2Fv2%2Fcategories&post=210611"},{"taxonomy":"post_tag","embeddable":true,"href":"https:\/\/diarioregionaldigital.com.br\/index.php?rest_route=%2Fwp%2Fv2%2Ftags&post=210611"}],"curies":[{"name":"wp","href":"https:\/\/api.w.org\/{rel}","templated":true}]}}