{"id":210605,"date":"2023-02-22T23:28:49","date_gmt":"2023-02-23T02:28:49","guid":{"rendered":"https:\/\/diarioregionaldigital.com.br\/?p=210605"},"modified":"2023-02-22T23:28:49","modified_gmt":"2023-02-23T02:28:49","slug":"governo-libera-r-430-mi-para-acoes-contra-seca-no-rio-grande-do-sul","status":"publish","type":"post","link":"https:\/\/diarioregionaldigital.com.br\/?p=210605","title":{"rendered":"Governo libera R$ 430 mi para a\u00e7\u00f5es contra seca no Rio Grande do Sul"},"content":{"rendered":"<p>Afetado pela estiagem, o Rio Grande do Sul receber\u00e1 R$ 430 milh\u00f5es do governo federal. O presidente Luiz In\u00e1cio Lula da Silva autorizou\u00a0hoje\u00a0(22) a libera\u00e7\u00e3o dos recursos em reuni\u00e3o com ministros no Pal\u00e1cio da Alvorada.<img decoding=\"async\" src=\"https:\/\/agenciabrasil.ebc.com.br\/ebc.png?id=1512261&amp;o=node\" \/><img decoding=\"async\" src=\"https:\/\/agenciabrasil.ebc.com.br\/ebc.gif?id=1512261&amp;o=node\" \/><\/p>\n<p>O dinheiro ser\u00e1 destinado \u00e0s \u00e1reas de agricultura, desenvolvimento social e defesa civil. No encontro, o governo avaliou as demandas de prefeitos, deputados, vereadores e entidades de trabalhadores do campo sobre a\u00e7\u00f5es emergenciais para enfrentar a seca no Rio Grande do Sul.<\/p>\n<p>Amanh\u00e3 (23), uma comitiva de ministros viaja ao estado para avaliar os estragos da estiagem. A Regi\u00e3o Sul do Brasil tem mais de 300 munic\u00edpios em situa\u00e7\u00e3o de emerg\u00eancia, das quais quase 200 com reconhecimento oficial.<\/p>\n<p>A expectativa \u00e9 de que, durante a viagem, sejam anunciadas medidas de aux\u00edlio aos atingidos pela seca, entre elas, uma linha de cr\u00e9dito emergencial para pequenos e m\u00e9dios produtores. No in\u00edcio\u00a0de fevereiro, uma comitiva ga\u00facha esteve em Bras\u00edlia em busca de ajuda para o estado.<\/p>\n<p>Al\u00e9m do ministro da Integra\u00e7\u00e3o e do Desenvolvimento Social, Waldez G\u00f3es, devem integrar a comitiva ao Rio Grande do Sul os ministros do Desenvolvimento Agr\u00e1rio e Agricultura Familiar, Paulo Teixeira; da Agricultura e Pecu\u00e1ria, Carlos F\u00e1varo; do Desenvolvimento e Assist\u00eancia Social, Fam\u00edlia e Combate \u00e0 Fome, Wellington Dias, e da Secretaria de Comunica\u00e7\u00e3o Social da Presid\u00eancia da Rep\u00fablica, Paulo Pimenta, al\u00e9m do presidente da Companhia Nacional de Abastecimento (Conab), Edgar Pretto.<\/p>\n<p><span style=\"font-weight: 400;\">Fonte: Ag\u00eancia Brasil <\/span><\/p>\n","protected":false},"excerpt":{"rendered":"<p>Afetado pela estiagem, o Rio Grande do Sul receber\u00e1 R$ 430 milh\u00f5es do governo federal. O presidente Luiz In\u00e1cio Lula da Silva autorizou\u00a0hoje\u00a0(22) a libera\u00e7\u00e3o dos recursos em reuni\u00e3o com ministros no Pal\u00e1cio da Alvorada. O dinheiro ser\u00e1 destinado \u00e0s \u00e1reas de agricultura, desenvolvimento social e defesa civil. No encontro, o governo avaliou as demandas [&hellip;]<\/p>\n","protected":false},"author":246,"featured_media":210606,"comment_status":"closed","ping_status":"closed","sticky":false,"template":"","format":"standard","meta":{"footnotes":""},"categories":[436,261,439],"tags":[],"class_list":["post-210605","post","type-post","status-publish","format-standard","has-post-thumbnail","hentry","category-destaque-da-semana","category-economia","category-ultima-hora"],"_links":{"self":[{"href":"https:\/\/diarioregionaldigital.com.br\/index.php?rest_route=\/wp\/v2\/posts\/210605","targetHints":{"allow":["GET"]}}],"collection":[{"href":"https:\/\/diarioregionaldigital.com.br\/index.php?rest_route=\/wp\/v2\/posts"}],"about":[{"href":"https:\/\/diarioregionaldigital.com.br\/index.php?rest_route=\/wp\/v2\/types\/post"}],"author":[{"embeddable":true,"href":"https:\/\/diarioregionaldigital.com.br\/index.php?rest_route=\/wp\/v2\/users\/246"}],"replies":[{"embeddable":true,"href":"https:\/\/diarioregionaldigital.com.br\/index.php?rest_route=%2Fwp%2Fv2%2Fcomments&post=210605"}],"version-history":[{"count":1,"href":"https:\/\/diarioregionaldigital.com.br\/index.php?rest_route=\/wp\/v2\/posts\/210605\/revisions"}],"predecessor-version":[{"id":210607,"href":"https:\/\/diarioregionaldigital.com.br\/index.php?rest_route=\/wp\/v2\/posts\/210605\/revisions\/210607"}],"wp:featuredmedia":[{"embeddable":true,"href":"https:\/\/diarioregionaldigital.com.br\/index.php?rest_route=\/wp\/v2\/media\/210606"}],"wp:attachment":[{"href":"https:\/\/diarioregionaldigital.com.br\/index.php?rest_route=%2Fwp%2Fv2%2Fmedia&parent=210605"}],"wp:term":[{"taxonomy":"category","embeddable":true,"href":"https:\/\/diarioregionaldigital.com.br\/index.php?rest_route=%2Fwp%2Fv2%2Fcategories&post=210605"},{"taxonomy":"post_tag","embeddable":true,"href":"https:\/\/diarioregionaldigital.com.br\/index.php?rest_route=%2Fwp%2Fv2%2Ftags&post=210605"}],"curies":[{"name":"wp","href":"https:\/\/api.w.org\/{rel}","templated":true}]}}