{"id":210602,"date":"2023-02-22T23:26:48","date_gmt":"2023-02-23T02:26:48","guid":{"rendered":"https:\/\/diarioregionaldigital.com.br\/?p=210602"},"modified":"2023-02-22T23:26:48","modified_gmt":"2023-02-23T02:26:48","slug":"dolar-encosta-em-r-517-apos-fim-do-feriado-de-carnaval","status":"publish","type":"post","link":"https:\/\/diarioregionaldigital.com.br\/?p=210602","title":{"rendered":"D\u00f3lar encosta em R$ 5,17 ap\u00f3s fim do feriado de carnaval"},"content":{"rendered":"<p>Em um dia de poucos neg\u00f3cios ap\u00f3s o fim do feriado de carnaval, o d\u00f3lar oscilou bastante, mas fechou com leve alta, pr\u00f3ximo da estabilidade. A bolsa de valores, no entanto, seguiu o mercado internacional e teve forte queda, chegando ao menor n\u00edvel desde o in\u00edcio do ano.<\/p>\n<p>O d\u00f3lar comercial encerrou esta quarta-feira (22) vendido a R$ 5,169, com alta de apenas 0,14%. Em uma sess\u00e3o que come\u00e7ou \u00e0s 13h, a cota\u00e7\u00e3o iniciou as negocia\u00e7\u00f5es em forte alta, chegando a R$ 5,21 pouco antes das 14h. Em seguida, desacelerou e passou a cair, chegando a R$ 5,15 pouco depois das 16h. Nos minutos finais, estabilizou-se e fechou com leve valoriza\u00e7\u00e3o.<\/p>\n<p>Com o desempenho de hoje, a moeda norte-americana acumula alta de 1,81% em fevereiro. Em 2023, a divisa cai 2,1%.<\/p>\n<p>No mercado de a\u00e7\u00f5es, o dia foi bem mais tenso. O \u00edndice Ibovespa, da B3, caiu 1,85% e fechou aos 107.152 pontos. O indicador est\u00e1 no menor n\u00edvel desde 5 de janeiro. Parte da queda deve-se ao ajuste do recuo das bolsas norte-americanas, que ca\u00edram nos \u00faltimos dias durante o feriado prolongado de carnaval no Brasil.<img decoding=\"async\" src=\"https:\/\/agenciabrasil.ebc.com.br\/ebc.png?id=1512268&amp;o=node\" \/><img decoding=\"async\" src=\"https:\/\/agenciabrasil.ebc.com.br\/ebc.gif?id=1512268&amp;o=node\" \/><\/p>\n<p><span style=\"font-weight: 400;\">Fonte: Ag\u00eancia Brasil <\/span><\/p>\n","protected":false},"excerpt":{"rendered":"<p>Em um dia de poucos neg\u00f3cios ap\u00f3s o fim do feriado de carnaval, o d\u00f3lar oscilou bastante, mas fechou com leve alta, pr\u00f3ximo da estabilidade. A bolsa de valores, no entanto, seguiu o mercado internacional e teve forte queda, chegando ao menor n\u00edvel desde o in\u00edcio do ano. O d\u00f3lar comercial encerrou esta quarta-feira (22) [&hellip;]<\/p>\n","protected":false},"author":246,"featured_media":210603,"comment_status":"closed","ping_status":"closed","sticky":false,"template":"","format":"standard","meta":{"footnotes":""},"categories":[436,261,439],"tags":[],"class_list":["post-210602","post","type-post","status-publish","format-standard","has-post-thumbnail","hentry","category-destaque-da-semana","category-economia","category-ultima-hora"],"_links":{"self":[{"href":"https:\/\/diarioregionaldigital.com.br\/index.php?rest_route=\/wp\/v2\/posts\/210602","targetHints":{"allow":["GET"]}}],"collection":[{"href":"https:\/\/diarioregionaldigital.com.br\/index.php?rest_route=\/wp\/v2\/posts"}],"about":[{"href":"https:\/\/diarioregionaldigital.com.br\/index.php?rest_route=\/wp\/v2\/types\/post"}],"author":[{"embeddable":true,"href":"https:\/\/diarioregionaldigital.com.br\/index.php?rest_route=\/wp\/v2\/users\/246"}],"replies":[{"embeddable":true,"href":"https:\/\/diarioregionaldigital.com.br\/index.php?rest_route=%2Fwp%2Fv2%2Fcomments&post=210602"}],"version-history":[{"count":1,"href":"https:\/\/diarioregionaldigital.com.br\/index.php?rest_route=\/wp\/v2\/posts\/210602\/revisions"}],"predecessor-version":[{"id":210604,"href":"https:\/\/diarioregionaldigital.com.br\/index.php?rest_route=\/wp\/v2\/posts\/210602\/revisions\/210604"}],"wp:featuredmedia":[{"embeddable":true,"href":"https:\/\/diarioregionaldigital.com.br\/index.php?rest_route=\/wp\/v2\/media\/210603"}],"wp:attachment":[{"href":"https:\/\/diarioregionaldigital.com.br\/index.php?rest_route=%2Fwp%2Fv2%2Fmedia&parent=210602"}],"wp:term":[{"taxonomy":"category","embeddable":true,"href":"https:\/\/diarioregionaldigital.com.br\/index.php?rest_route=%2Fwp%2Fv2%2Fcategories&post=210602"},{"taxonomy":"post_tag","embeddable":true,"href":"https:\/\/diarioregionaldigital.com.br\/index.php?rest_route=%2Fwp%2Fv2%2Ftags&post=210602"}],"curies":[{"name":"wp","href":"https:\/\/api.w.org\/{rel}","templated":true}]}}