{"id":210599,"date":"2023-02-22T23:20:39","date_gmt":"2023-02-23T02:20:39","guid":{"rendered":"https:\/\/diarioregionaldigital.com.br\/?p=210599"},"modified":"2023-02-22T23:20:39","modified_gmt":"2023-02-23T02:20:39","slug":"mercado-financeiro-eleva-projecao-da-inflacao-de-579-para-589","status":"publish","type":"post","link":"https:\/\/diarioregionaldigital.com.br\/?p=210599","title":{"rendered":"Mercado financeiro eleva proje\u00e7\u00e3o da infla\u00e7\u00e3o de 5,79% para 5,89%"},"content":{"rendered":"<p>A previs\u00e3o do mercado financeiro para o \u00cdndice Nacional de Pre\u00e7os ao Consumidor Amplo (IPCA), considerada a infla\u00e7\u00e3o oficial do pa\u00eds, subiu de 5,79% para 5,89% para este ano. A estimativa consta do Boletim Focus, pesquisa divulgada semanalmente pelo Banco Central (BC) com a expectativa de institui\u00e7\u00f5es financeiras para os principais indicadores econ\u00f4micos.<img decoding=\"async\" src=\"https:\/\/agenciabrasil.ebc.com.br\/ebc.png?id=1512175&amp;o=node\" \/><img decoding=\"async\" src=\"https:\/\/agenciabrasil.ebc.com.br\/ebc.gif?id=1512175&amp;o=node\" \/><\/p>\n<p>Para 2024, a proje\u00e7\u00e3o da infla\u00e7\u00e3o ficou em 4,02%. Para 2025 e 2026, as previs\u00f5es s\u00e3o de infla\u00e7\u00e3o em 3,78% e 3,7%, respectivamente.<\/p>\n<p>A previs\u00e3o para este ano est\u00e1 acima do teto da meta de infla\u00e7\u00e3o que deve ser perseguida pelo BC. Definida pelo Conselho Monet\u00e1rio Nacional (CMN), a meta \u00e9 de 3,25% para este ano, com intervalo de toler\u00e2ncia de 1,5 ponto percentual para cima ou para baixo. Ou seja, o limite inferior \u00e9 de 1,75% e o superior de 4,75%.<\/p>\n<p>Da mesma forma, a proje\u00e7\u00e3o do mercado para a infla\u00e7\u00e3o de 2024 tamb\u00e9m est\u00e1 acima do centro da meta prevista, fixada em 3%, mas ainda dentro do intervalo de toler\u00e2ncia de 1,5 ponto percentual.<\/p>\n<p>Em janeiro, puxado principalmente pelo aumento de pre\u00e7os de alimentos e combust\u00edveis, o\u00a0<a href=\"http:\/\/agenciabrasil.ebc.com.br\/economia\/noticia\/2023-02\/inflacao-oficial-fica-em-053-em-janeiro-diz-ibge\" target=\"_blank\" rel=\"noopener\">IPCA ficou em 0,53%<\/a>, segundo o Instituto Brasileiro de Geografia e Estat\u00edstica (IBGE).<\/p>\n<h2>Juros<\/h2>\n<p>Para alcan\u00e7ar a meta de infla\u00e7\u00e3o, o Banco Central usa como principal instrumento a taxa b\u00e1sica de juros, a Selic,\u00a0<a href=\"https:\/\/agenciabrasil.ebc.com.br\/economia\/noticia\/2023-02\/copom-mantem-juros-basicos-da-economia-em-1375-ao-ano\" target=\"_blank\" rel=\"noopener\">definida em 13,75% ao ano pelo Comit\u00ea de Pol\u00edtica Monet\u00e1ria<\/a>\u00a0(Copom) . A taxa est\u00e1 nesse n\u00edvel desde agosto do ano passado, e \u00e9 o maior n\u00edvel desde janeiro de 2017, quando tamb\u00e9m estava nesse patamar.<\/p>\n<p>Para o mercado financeiro, a expectativa \u00e9 de que a Selic encerre o ano em 12,75% ao ano. Para o fim de 2024, a estimativa \u00e9 de que a taxa b\u00e1sica caia para 10% ao ano. J\u00e1 para o fim 2025 e 2026, a previs\u00e3o \u00e9 de Selic em 9% ao ano e 8,75% ao ano, respectivamente.<\/p>\n<p>Quando o Copom aumenta a taxa b\u00e1sica de juros, a finalidade \u00e9 conter a demanda aquecida, e isso causa reflexos nos pre\u00e7os porque os juros mais altos encarecem o cr\u00e9dito e estimulam a poupan\u00e7a. Desse modo, taxas mais altas tamb\u00e9m podem dificultar a expans\u00e3o da economia. Mas, al\u00e9m da Selic, os bancos consideram outros fatores na hora de definir os juros cobrados dos consumidores, como risco de inadimpl\u00eancia, lucro e despesas administrativas.<\/p>\n<p>Quando o Copom diminui a Selic, a tend\u00eancia \u00e9 de que o cr\u00e9dito fique mais barato, com incentivo \u00e0 produ\u00e7\u00e3o e ao consumo, reduzindo o controle sobre a infla\u00e7\u00e3o e estimulando a atividade econ\u00f4mica.<\/p>\n<h2>PIB e c\u00e2mbio<\/h2>\n<p>A proje\u00e7\u00e3o das institui\u00e7\u00f5es financeiras para o crescimento da economia brasileira neste ano tamb\u00e9m subiu de 0,76% para 0,8%. Para 2024, a expectativa para o Produto Interno Bruto (PIB, a soma de todos os bens e servi\u00e7os produzidos no pa\u00eds) \u00e9 de crescimento de 1,5%. Para 2025 e 2026, o mercado financeiro projeta expans\u00e3o do PIB em 1,8% e 2%, respectivamente.<\/p>\n<p>A expectativa para a cota\u00e7\u00e3o do d\u00f3lar est\u00e1 em R$ 5,25 para o final deste ano. Para o fim de 2024, a previs\u00e3o \u00e9 de que a moeda americana fique em R$ 5,29.<\/p>\n<p><span style=\"font-weight: 400;\">Fonte: Ag\u00eancia Brasil\u00a0<\/span><span style=\"font-weight: 400;\"><br \/>\n<\/span><\/p>\n","protected":false},"excerpt":{"rendered":"<p>A previs\u00e3o do mercado financeiro para o \u00cdndice Nacional de Pre\u00e7os ao Consumidor Amplo (IPCA), considerada a infla\u00e7\u00e3o oficial do pa\u00eds, subiu de 5,79% para 5,89% para este ano. A estimativa consta do Boletim Focus, pesquisa divulgada semanalmente pelo Banco Central (BC) com a expectativa de institui\u00e7\u00f5es financeiras para os principais indicadores econ\u00f4micos. Para 2024, [&hellip;]<\/p>\n","protected":false},"author":246,"featured_media":210600,"comment_status":"closed","ping_status":"closed","sticky":false,"template":"","format":"standard","meta":{"footnotes":""},"categories":[436,440,261,439],"tags":[],"class_list":["post-210599","post","type-post","status-publish","format-standard","has-post-thumbnail","hentry","category-destaque-da-semana","category-destaques-do-dia","category-economia","category-ultima-hora"],"_links":{"self":[{"href":"https:\/\/diarioregionaldigital.com.br\/index.php?rest_route=\/wp\/v2\/posts\/210599","targetHints":{"allow":["GET"]}}],"collection":[{"href":"https:\/\/diarioregionaldigital.com.br\/index.php?rest_route=\/wp\/v2\/posts"}],"about":[{"href":"https:\/\/diarioregionaldigital.com.br\/index.php?rest_route=\/wp\/v2\/types\/post"}],"author":[{"embeddable":true,"href":"https:\/\/diarioregionaldigital.com.br\/index.php?rest_route=\/wp\/v2\/users\/246"}],"replies":[{"embeddable":true,"href":"https:\/\/diarioregionaldigital.com.br\/index.php?rest_route=%2Fwp%2Fv2%2Fcomments&post=210599"}],"version-history":[{"count":1,"href":"https:\/\/diarioregionaldigital.com.br\/index.php?rest_route=\/wp\/v2\/posts\/210599\/revisions"}],"predecessor-version":[{"id":210601,"href":"https:\/\/diarioregionaldigital.com.br\/index.php?rest_route=\/wp\/v2\/posts\/210599\/revisions\/210601"}],"wp:featuredmedia":[{"embeddable":true,"href":"https:\/\/diarioregionaldigital.com.br\/index.php?rest_route=\/wp\/v2\/media\/210600"}],"wp:attachment":[{"href":"https:\/\/diarioregionaldigital.com.br\/index.php?rest_route=%2Fwp%2Fv2%2Fmedia&parent=210599"}],"wp:term":[{"taxonomy":"category","embeddable":true,"href":"https:\/\/diarioregionaldigital.com.br\/index.php?rest_route=%2Fwp%2Fv2%2Fcategories&post=210599"},{"taxonomy":"post_tag","embeddable":true,"href":"https:\/\/diarioregionaldigital.com.br\/index.php?rest_route=%2Fwp%2Fv2%2Ftags&post=210599"}],"curies":[{"name":"wp","href":"https:\/\/api.w.org\/{rel}","templated":true}]}}