{"id":210589,"date":"2023-02-21T05:15:37","date_gmt":"2023-02-21T08:15:37","guid":{"rendered":"https:\/\/diarioregionaldigital.com.br\/?p=210589"},"modified":"2023-02-21T05:15:37","modified_gmt":"2023-02-21T08:15:37","slug":"moradores-do-parque-das-aguas-participam-de-reuniao-sobre-o-rua-de-brincar","status":"publish","type":"post","link":"https:\/\/diarioregionaldigital.com.br\/?p=210589","title":{"rendered":"Moradores do Parque das \u00c1guas participam de reuni\u00e3o sobre o \u201cRua de Brincar\u201d"},"content":{"rendered":"<p>Segundo informa\u00e7\u00f5es do site da Prefeitura de Juiz de Fora (PJF), a PJF realizou um di\u00e1logo aberto com moradores do bairro Parque das \u00c1guas. O intuito do encontro foi apresentar o projeto \u201cRua de Brincar\u201d, que ser\u00e1 inaugurado no bairro no dia 26 de fevereiro.<\/p>\n<p>Durante o encontro, os moradores demonstraram anima\u00e7\u00e3o com a inaugura\u00e7\u00e3o do espa\u00e7o de lazer na regi\u00e3o. \u201cA participa\u00e7\u00e3o da comunidade \u00e9 fundamental n\u00e3o s\u00f3 na reuni\u00e3o, mas tamb\u00e9m na ocupa\u00e7\u00e3o da rua depois da inaugura\u00e7\u00e3o&#8221;, afirma a coordenadora do Boniteza, Ma\u00edres Barbosa. No Parque das \u00c1guas, o projeto vai ser realizado na Rua Maestro Jos\u00e9 Quirino.<\/p>\n<p>O \u201cRua de Brincar\u201d j\u00e1 foi lan\u00e7ado em oito bairros de Juiz de Fora (Retiro, Santa Cruz, Vitorino Braga, J\u00f3quei, Ponte Preta, Santa Luzia, Dom Bosco e Santo Ant\u00f4nio) e chegar\u00e1, agora, ao Parque das \u00c1guas. Aos domingos de 8h \u00e0s 12h,\u00a0 as ruas onde acontecem o \u201cRua de Brincar\u201d s\u00e3o fechadas para o tr\u00e2nsito e podem ser utilizadas como espa\u00e7o para pr\u00e1tica de atividades ao ar livre.<\/p>\n<p><strong>Programa Boniteza<\/strong><\/p>\n<p>Coordenado pela Secretaria de Governo (SG), o Programa Boniteza \u00e9 desenvolvido atrav\u00e9s de uma a\u00e7\u00e3o integrada entre Secretaria de Assist\u00eancia Social (SAS); Secretaria de Agricultura Pecu\u00e1ria e Abastecimento (Seapa); Companhia de Saneamento Municipal (Cesama); Secretaria de Comunica\u00e7\u00e3o Social (Secom); Departamento Municipal de Limpeza Urbana (Demlurb);\u00a0 Secretaria de Desenvolvimento Sustent\u00e1vel e Inclusivo, da Inova\u00e7\u00e3o e Competitividade (Sedic); Empresa Municipal de Pavimenta\u00e7\u00e3o e Urbanidades (Empav); Secretaria de Educa\u00e7\u00e3o (SE); Secretaria Especial de Direitos Humanos (SEDH); Secretaria de Esporte e Lazer (SEL); Funda\u00e7\u00e3o Cultural Alfredo Ferreira Lage (Funalfa); Secretaria da Fazenda (SF); Secretaria de Mobilidade Urbana (SMU); Secretaria de Obras (SO); Secretaria de Planejamento Urbano (Sepur); Secretaria de Planejamento do Territ\u00f3rio e Participa\u00e7\u00e3o Popular (Seppop); Secretaria de Sustentabilidade em Meio Ambiente e Atividades Urbanas (Sesmaur); Secretaria de Seguran\u00e7a Urbana e Cidadania (Sesuc); Secretaria de Sa\u00fade (SS); Secretaria de Turismo (Setur); e Secretaria de Transforma\u00e7\u00e3o Digital e Administrativa (STDA).<\/p>\n","protected":false},"excerpt":{"rendered":"<p>Segundo informa\u00e7\u00f5es do site da Prefeitura de Juiz de Fora (PJF), a PJF realizou um di\u00e1logo aberto com moradores do bairro Parque das \u00c1guas. O intuito do encontro foi apresentar o projeto \u201cRua de Brincar\u201d, que ser\u00e1 inaugurado no bairro no dia 26 de fevereiro. Durante o encontro, os moradores demonstraram anima\u00e7\u00e3o com a inaugura\u00e7\u00e3o [&hellip;]<\/p>\n","protected":false},"author":246,"featured_media":210590,"comment_status":"closed","ping_status":"closed","sticky":false,"template":"","format":"standard","meta":{"footnotes":""},"categories":[253,436,439],"tags":[],"class_list":["post-210589","post","type-post","status-publish","format-standard","has-post-thumbnail","hentry","category-cidade","category-destaque-da-semana","category-ultima-hora"],"_links":{"self":[{"href":"https:\/\/diarioregionaldigital.com.br\/index.php?rest_route=\/wp\/v2\/posts\/210589","targetHints":{"allow":["GET"]}}],"collection":[{"href":"https:\/\/diarioregionaldigital.com.br\/index.php?rest_route=\/wp\/v2\/posts"}],"about":[{"href":"https:\/\/diarioregionaldigital.com.br\/index.php?rest_route=\/wp\/v2\/types\/post"}],"author":[{"embeddable":true,"href":"https:\/\/diarioregionaldigital.com.br\/index.php?rest_route=\/wp\/v2\/users\/246"}],"replies":[{"embeddable":true,"href":"https:\/\/diarioregionaldigital.com.br\/index.php?rest_route=%2Fwp%2Fv2%2Fcomments&post=210589"}],"version-history":[{"count":1,"href":"https:\/\/diarioregionaldigital.com.br\/index.php?rest_route=\/wp\/v2\/posts\/210589\/revisions"}],"predecessor-version":[{"id":210591,"href":"https:\/\/diarioregionaldigital.com.br\/index.php?rest_route=\/wp\/v2\/posts\/210589\/revisions\/210591"}],"wp:featuredmedia":[{"embeddable":true,"href":"https:\/\/diarioregionaldigital.com.br\/index.php?rest_route=\/wp\/v2\/media\/210590"}],"wp:attachment":[{"href":"https:\/\/diarioregionaldigital.com.br\/index.php?rest_route=%2Fwp%2Fv2%2Fmedia&parent=210589"}],"wp:term":[{"taxonomy":"category","embeddable":true,"href":"https:\/\/diarioregionaldigital.com.br\/index.php?rest_route=%2Fwp%2Fv2%2Fcategories&post=210589"},{"taxonomy":"post_tag","embeddable":true,"href":"https:\/\/diarioregionaldigital.com.br\/index.php?rest_route=%2Fwp%2Fv2%2Ftags&post=210589"}],"curies":[{"name":"wp","href":"https:\/\/api.w.org\/{rel}","templated":true}]}}