{"id":210586,"date":"2023-02-21T05:13:18","date_gmt":"2023-02-21T08:13:18","guid":{"rendered":"https:\/\/diarioregionaldigital.com.br\/?p=210586"},"modified":"2023-02-21T05:13:40","modified_gmt":"2023-02-21T08:13:40","slug":"banda-daki-atrai-multidao-para-o-largo-do-riachuelo","status":"publish","type":"post","link":"https:\/\/diarioregionaldigital.com.br\/?p=210586","title":{"rendered":"Banda Daki atrai multid\u00e3o para o Largo do Riachuelo"},"content":{"rendered":"<p>Segundo informa\u00e7\u00f5es do site da Prefeitura de Juiz de Fora (PJF), parte do circuito de blocos da cidade, a Banda Daki esteve no Largo do Riachuelo neste s\u00e1bado de carnaval, 19. Um dos mais tradicionais da cidade, marcada pela irrever\u00eancia dos participantes, a Banda reuniu cerca de 6 mil foli\u00f5es para a festa. Em 2023, a Prefeitura de Juiz de Fora (PJF) est\u00e1 realizando um trabalho de resgate do carnaval, com <a href=\"https:\/\/www.pjf.mg.gov.br\/noticias\/view.php?modo=link2&amp;idnoticia2=78742\"><strong>programa\u00e7\u00e3o extensa de blocos<\/strong><\/a>\u00a0e a\u00a0<a href=\"https:\/\/www.pjf.mg.gov.br\/noticias\/view.php?modo=link2&amp;idnoticia2=78754\"><strong>retomada dos desfiles de Carnaval<\/strong><\/a>.<\/p>\n<p>A banda Daki est\u00e1 completando 51 anos e continua sendo uma das mais\u00a0 esperadas do p\u00fablico. Uma das caracter\u00edsticas \u00e9 o repert\u00f3rio com m\u00fasicas de carnavais dos anos 60, 70 e 80. Um dos mais tradicionais blocos de Juiz de Fora, a Banda realizou uma homenagem neste ano de retomada \u00e0s ruas para o \u201cgeneral\u201d da banda, o Z\u00e9 Kodak, que foi um dos fundadores e carnavalesco famoso da cidade. Z\u00e9 faleceu em fevereiro de 2021, em decorr\u00eancia da Covid-19.<\/p>\n<p>&nbsp;<\/p>\n","protected":false},"excerpt":{"rendered":"<p>Segundo informa\u00e7\u00f5es do site da Prefeitura de Juiz de Fora (PJF), parte do circuito de blocos da cidade, a Banda Daki esteve no Largo do Riachuelo neste s\u00e1bado de carnaval, 19. Um dos mais tradicionais da cidade, marcada pela irrever\u00eancia dos participantes, a Banda reuniu cerca de 6 mil foli\u00f5es para a festa. Em 2023, [&hellip;]<\/p>\n","protected":false},"author":246,"featured_media":210587,"comment_status":"closed","ping_status":"closed","sticky":false,"template":"","format":"standard","meta":{"footnotes":""},"categories":[253,436,439],"tags":[],"class_list":["post-210586","post","type-post","status-publish","format-standard","has-post-thumbnail","hentry","category-cidade","category-destaque-da-semana","category-ultima-hora"],"_links":{"self":[{"href":"https:\/\/diarioregionaldigital.com.br\/index.php?rest_route=\/wp\/v2\/posts\/210586","targetHints":{"allow":["GET"]}}],"collection":[{"href":"https:\/\/diarioregionaldigital.com.br\/index.php?rest_route=\/wp\/v2\/posts"}],"about":[{"href":"https:\/\/diarioregionaldigital.com.br\/index.php?rest_route=\/wp\/v2\/types\/post"}],"author":[{"embeddable":true,"href":"https:\/\/diarioregionaldigital.com.br\/index.php?rest_route=\/wp\/v2\/users\/246"}],"replies":[{"embeddable":true,"href":"https:\/\/diarioregionaldigital.com.br\/index.php?rest_route=%2Fwp%2Fv2%2Fcomments&post=210586"}],"version-history":[{"count":1,"href":"https:\/\/diarioregionaldigital.com.br\/index.php?rest_route=\/wp\/v2\/posts\/210586\/revisions"}],"predecessor-version":[{"id":210588,"href":"https:\/\/diarioregionaldigital.com.br\/index.php?rest_route=\/wp\/v2\/posts\/210586\/revisions\/210588"}],"wp:featuredmedia":[{"embeddable":true,"href":"https:\/\/diarioregionaldigital.com.br\/index.php?rest_route=\/wp\/v2\/media\/210587"}],"wp:attachment":[{"href":"https:\/\/diarioregionaldigital.com.br\/index.php?rest_route=%2Fwp%2Fv2%2Fmedia&parent=210586"}],"wp:term":[{"taxonomy":"category","embeddable":true,"href":"https:\/\/diarioregionaldigital.com.br\/index.php?rest_route=%2Fwp%2Fv2%2Fcategories&post=210586"},{"taxonomy":"post_tag","embeddable":true,"href":"https:\/\/diarioregionaldigital.com.br\/index.php?rest_route=%2Fwp%2Fv2%2Ftags&post=210586"}],"curies":[{"name":"wp","href":"https:\/\/api.w.org\/{rel}","templated":true}]}}