{"id":210576,"date":"2023-02-21T05:03:51","date_gmt":"2023-02-21T08:03:51","guid":{"rendered":"https:\/\/diarioregionaldigital.com.br\/?p=210576"},"modified":"2023-02-21T05:03:51","modified_gmt":"2023-02-21T08:03:51","slug":"brasil-brilha-na-etapa-de-baku-de-ginastica-de-trampolim","status":"publish","type":"post","link":"https:\/\/diarioregionaldigital.com.br\/?p=210576","title":{"rendered":"Brasil brilha na etapa de Baku de Gin\u00e1stica de Trampolim"},"content":{"rendered":"<p>O Brasil fez hist\u00f3ria, no \u00faltimo domingo (19), ao conquistar pela primeira vez na hist\u00f3ria, e logo em dose dupla, uma etapa de Copa do Mundo de Gin\u00e1stica de Trampolim. O feito foi alcan\u00e7ado com Camilla Gomes no individual e com a carioca e Alice Hellen no sincronizado.<img decoding=\"async\" src=\"https:\/\/agenciabrasil.ebc.com.br\/ebc.png?id=1511821&amp;o=node\" \/><img decoding=\"async\" src=\"https:\/\/agenciabrasil.ebc.com.br\/ebc.gif?id=1511821&amp;o=node\" \/><\/p>\n<p>Camilla Gomes triunfou no individual ao somar 54.680 pontos em Baku (Azerbaij\u00e3o). A prata ficou com a francesa Lea Labrousse, que alcan\u00e7ou 53.970 pontos, enquanto Seljan Mahsudova, do Azerbaij\u00e3o, obteve o bronze com 52.910 pontos. J\u00e1 Alice Hellen ficou em quarto, ao somar 52.120 pontos.<\/p>\n<p>Al\u00e9m disso, Camilla e Alice brilharam no sincronizado, garantindo a primeira posi\u00e7\u00e3o nesta prova com o total de 46.340 pontos.<\/p>\n<p>\u201cFiquei muito feliz por poder trazer essas medalhas, n\u00e3o s\u00f3 no individual, mas tamb\u00e9m no sincronizado. S\u00e3o resultados hist\u00f3ricos. Na final do individual, fui a primeira a competir e fiz uma s\u00e9rie muito boa. Com aquela nota, j\u00e1 esperava que poderia pegar uma medalha. J\u00e1 estava bem feliz por ter terminado a prova me sentindo bem, com uma nota boa. A medalha de ouro foi uma realiza\u00e7\u00e3o completa\u201d, declarou Camilla Gomes.<\/p>\n<p>Para a coordenadora da sele\u00e7\u00e3o brasileira de Gin\u00e1stica de Trampolim, Tatiana Figueiredo, as conquistas s\u00e3o um marco para a modalidade no Brasil: \u201cS\u00e3o feitos important\u00edssimos, porque comprovam que nossos atletas t\u00eam potencial para ir longe, alcan\u00e7ando excelentes resultados. Treinadores e \u00e1rbitros de outros pa\u00edses nos parabenizaram pelos resultados. \u00c9 muito importante ter este reconhecimento internacional para as pr\u00f3ximas competi\u00e7\u00f5es internacionais\u201d.<\/p>\n<p><span style=\"font-weight: 400;\">Fonte: Ag\u00eancia Brasil <\/span><\/p>\n","protected":false},"excerpt":{"rendered":"<p>O Brasil fez hist\u00f3ria, no \u00faltimo domingo (19), ao conquistar pela primeira vez na hist\u00f3ria, e logo em dose dupla, uma etapa de Copa do Mundo de Gin\u00e1stica de Trampolim. O feito foi alcan\u00e7ado com Camilla Gomes no individual e com a carioca e Alice Hellen no sincronizado. Camilla Gomes triunfou no individual ao somar [&hellip;]<\/p>\n","protected":false},"author":246,"featured_media":210577,"comment_status":"closed","ping_status":"closed","sticky":false,"template":"","format":"standard","meta":{"footnotes":""},"categories":[436,257,439],"tags":[],"class_list":["post-210576","post","type-post","status-publish","format-standard","has-post-thumbnail","hentry","category-destaque-da-semana","category-esporte","category-ultima-hora"],"_links":{"self":[{"href":"https:\/\/diarioregionaldigital.com.br\/index.php?rest_route=\/wp\/v2\/posts\/210576","targetHints":{"allow":["GET"]}}],"collection":[{"href":"https:\/\/diarioregionaldigital.com.br\/index.php?rest_route=\/wp\/v2\/posts"}],"about":[{"href":"https:\/\/diarioregionaldigital.com.br\/index.php?rest_route=\/wp\/v2\/types\/post"}],"author":[{"embeddable":true,"href":"https:\/\/diarioregionaldigital.com.br\/index.php?rest_route=\/wp\/v2\/users\/246"}],"replies":[{"embeddable":true,"href":"https:\/\/diarioregionaldigital.com.br\/index.php?rest_route=%2Fwp%2Fv2%2Fcomments&post=210576"}],"version-history":[{"count":1,"href":"https:\/\/diarioregionaldigital.com.br\/index.php?rest_route=\/wp\/v2\/posts\/210576\/revisions"}],"predecessor-version":[{"id":210578,"href":"https:\/\/diarioregionaldigital.com.br\/index.php?rest_route=\/wp\/v2\/posts\/210576\/revisions\/210578"}],"wp:featuredmedia":[{"embeddable":true,"href":"https:\/\/diarioregionaldigital.com.br\/index.php?rest_route=\/wp\/v2\/media\/210577"}],"wp:attachment":[{"href":"https:\/\/diarioregionaldigital.com.br\/index.php?rest_route=%2Fwp%2Fv2%2Fmedia&parent=210576"}],"wp:term":[{"taxonomy":"category","embeddable":true,"href":"https:\/\/diarioregionaldigital.com.br\/index.php?rest_route=%2Fwp%2Fv2%2Fcategories&post=210576"},{"taxonomy":"post_tag","embeddable":true,"href":"https:\/\/diarioregionaldigital.com.br\/index.php?rest_route=%2Fwp%2Fv2%2Ftags&post=210576"}],"curies":[{"name":"wp","href":"https:\/\/api.w.org\/{rel}","templated":true}]}}