{"id":210573,"date":"2023-02-21T05:01:12","date_gmt":"2023-02-21T08:01:12","guid":{"rendered":"https:\/\/diarioregionaldigital.com.br\/?p=210573"},"modified":"2023-02-21T05:01:12","modified_gmt":"2023-02-21T08:01:12","slug":"rayssa-leal-e-filipe-toledo-sao-indicados-ao-premio-laureus","status":"publish","type":"post","link":"https:\/\/diarioregionaldigital.com.br\/?p=210573","title":{"rendered":"Rayssa Leal e Filipe Toledo s\u00e3o indicados ao Pr\u00eamio Laureus"},"content":{"rendered":"<p>Com os brasileiros Filipe Toledo e Rayssa Leal disputando a categoria de Melhor Esportista de A\u00e7\u00e3o, o Pr\u00eamio Laureus anunciou nesta segunda-feira (20) a rela\u00e7\u00e3o de atletas que concorrem ao pr\u00eamio que \u00e9 considerado o Oscar do esporte mundial.<img decoding=\"async\" src=\"https:\/\/agenciabrasil.ebc.com.br\/ebc.png?id=1511831&amp;o=node\" \/><img decoding=\"async\" src=\"https:\/\/agenciabrasil.ebc.com.br\/ebc.gif?id=1511831&amp;o=node\" \/><\/p>\n<p>Atual campe\u00e3o do Circuito Mundial de Surfe, Filipe Toledo \u00e9 um dos destaques da\u00a0<em>Brazilian Storm<\/em>, talentosa gera\u00e7\u00e3o de surfistas brasileiros que garantiu seis conquistas nas \u00faltimas dez edi\u00e7\u00f5es da competi\u00e7\u00e3o. O atleta de Ubatuba\u00a0<a href=\"https:\/\/agenciabrasil.ebc.com.br\/esportes\/noticia\/2023-02\/filipinho-vence-etapa-de-sunset-beach-do-circuito-mundial-de-surfe\" target=\"_blank\" rel=\"noopener\">acaba de garantir a vit\u00f3ria na etapa de Sunset Beach da temporada 2023<\/a>.<\/p>\n<p>J\u00e1 Rayssa leal \u00e9 a grande sensa\u00e7\u00e3o do skate street. Com apenas 15 anos de idade, a jovem tem uma medalha ol\u00edmpica no curr\u00edculo e<a href=\"https:\/\/agenciabrasil.ebc.com.br\/esportes\/noticia\/2023-02\/rayssa-leal-conquista-mundial-de-skate-street\" target=\"_blank\" rel=\"noopener\">\u00a0levou para casa no in\u00edcio do m\u00eas o trof\u00e9u do Campeonato Mundial da modalidade que foi disputado em Sharjah (Emirados \u00c1rabes)<\/a>.<\/p>\n<p>Por\u00e9m, mesmo com feitos t\u00e3o importantes, os brasileiros n\u00e3o ter\u00e3o vida f\u00e1cil na disputa, pois os outros candidatos s\u00e3o a oito vezes campe\u00e3 mundial de surfe Stephanie Gilmore, da Austr\u00e1lia, a snowboarder norte-americana Chloe Kim, a esquiadora chinesa Eileen Gu e a surfista de ondas gigantes francesa Justine Dupont.<\/p>\n<p>Os vencedores do Pr\u00eamio Laureus 2023 ser\u00e3o anunciados ap\u00f3s vota\u00e7\u00e3o entre os membros do Laureus World Sports Academy, j\u00fari composto por 71 das maiores lendas do esporte de todos os tempos.<\/p>\n<h2>Rela\u00e7\u00e3o de candidatos ao Pr\u00eamio Laureus:<\/h2>\n<p><strong>Melhor atleta homem:<\/strong>\u00a0Stephen Curry (EUA), basquete. Armand Duplantis (Su\u00e9cia), atletismo. Kylian Mbapp\u00e9, futebol. Lionel Messi (Argentina), futebol. Rafael Nadal (Espanha), t\u00eanis. Max Verstappen (Holanda), automobilismo.<\/p>\n<p><strong>Melhor atleta mulher:<\/strong>\u00a0Shelly-Ann Fraser-Pryce (Jamaica), atletismo. Katie Ledecky (EUA), nata\u00e7\u00e3o. Sydney McLaughlin-Levrone (EUA), atletismo. Alexia Putellas (Espanha), futebol.\u202f Mikaela Shiffrin (EUA), esqui alpino. Iga \u015awi\u0105tek (Pol\u00f4nia), t\u00eanis.<\/p>\n<p><strong>Time do ano:<\/strong>\u00a0Sele\u00e7\u00e3o Argentina de Futebol Masculino. Sele\u00e7\u00e3o Inglesa de Futebol Feminino. Sele\u00e7\u00e3o Francesa de Rugby Masculino. Golden State Warriors (EUA), basquete. Oracle Red Bull Racing (\u00c1ustria), automobilismo. Real Madrid (Espanha), futebol.<\/p>\n<p><strong>Revela\u00e7\u00e3o do ano:<\/strong>\u00a0Carlos Alcaraz (Espanha), t\u00eanis. Tobi Amusan (Nig\u00e9ria), atletismo. Nathan Chen (EUA), patina\u00e7\u00e3o art\u00edstica. Sele\u00e7\u00e3o Marroquina de Futebol Masculino. Elena Rybakina (Cazaquist\u00e3o), t\u00eanis. Scottie Scheffler (EUA), golfe.<\/p>\n<p><strong>Retorno do ano:<\/strong>\u00a0Francesco Bagnaia (It\u00e1lia), motociclismo. Christian Eriksen (Dinamarca), futebol. Jakob Ingebrigtsen (Noruega), atletismo. Klay Thompson (EUA), basquete. Annemiek van Vleuten (Holanda), ciclismo. Tiger Woods (EUA), golfe.<\/p>\n<p><strong>Esportista com defici\u00eancia:<\/strong>\u00a0Diede de Groot (Holanda), t\u00eanis em cadeira de rodas. Catherine Debrunner (Su\u00ed\u00e7a), atletismo. Declan Farmer (EUA), h\u00f3quei no gelo. Cameron Leslie (Nova Zel\u00e2ndia), nata\u00e7\u00e3o e r\u00fagbi em cadeira de rodas. Oksana Masters (EUA), esqui cross-country. Jesper Saltvik Pedersen (Noruega), esqui alpino.<\/p>\n<p><strong>Esportistas de A\u00e7\u00e3o:<\/strong>\u00a0Justine Dupont (Fran\u00e7a), surfe ondas gigantes. Stephanie Gilmore (Austr\u00e1lia), surfe. Eileen Gu (China), esqui estilo livre. Chloe Kim (EUA), snowboard. Rayssa Leal (Brasil), skate. Filipe Toledo (Brasil), surfe.<\/p>\n<p><strong>Esporte para o bem:<\/strong>\u00a0Boxgirls (Qu\u00eania), Boxe. High Five (Alemanha), esportes de a\u00e7\u00e3o. Made For More (\u00c1frica do Sul), v\u00e1rios esportes. Slum Soccer (\u00cdndia), futebol. Movimento TeamUp (Global).<\/p>\n<p><span style=\"font-weight: 400;\">Fonte: Ag\u00eancia Brasil <\/span><\/p>\n","protected":false},"excerpt":{"rendered":"<p>Com os brasileiros Filipe Toledo e Rayssa Leal disputando a categoria de Melhor Esportista de A\u00e7\u00e3o, o Pr\u00eamio Laureus anunciou nesta segunda-feira (20) a rela\u00e7\u00e3o de atletas que concorrem ao pr\u00eamio que \u00e9 considerado o Oscar do esporte mundial. Atual campe\u00e3o do Circuito Mundial de Surfe, Filipe Toledo \u00e9 um dos destaques da\u00a0Brazilian Storm, talentosa [&hellip;]<\/p>\n","protected":false},"author":246,"featured_media":210574,"comment_status":"closed","ping_status":"closed","sticky":false,"template":"","format":"standard","meta":{"footnotes":""},"categories":[436,257,439],"tags":[],"class_list":["post-210573","post","type-post","status-publish","format-standard","has-post-thumbnail","hentry","category-destaque-da-semana","category-esporte","category-ultima-hora"],"_links":{"self":[{"href":"https:\/\/diarioregionaldigital.com.br\/index.php?rest_route=\/wp\/v2\/posts\/210573","targetHints":{"allow":["GET"]}}],"collection":[{"href":"https:\/\/diarioregionaldigital.com.br\/index.php?rest_route=\/wp\/v2\/posts"}],"about":[{"href":"https:\/\/diarioregionaldigital.com.br\/index.php?rest_route=\/wp\/v2\/types\/post"}],"author":[{"embeddable":true,"href":"https:\/\/diarioregionaldigital.com.br\/index.php?rest_route=\/wp\/v2\/users\/246"}],"replies":[{"embeddable":true,"href":"https:\/\/diarioregionaldigital.com.br\/index.php?rest_route=%2Fwp%2Fv2%2Fcomments&post=210573"}],"version-history":[{"count":1,"href":"https:\/\/diarioregionaldigital.com.br\/index.php?rest_route=\/wp\/v2\/posts\/210573\/revisions"}],"predecessor-version":[{"id":210575,"href":"https:\/\/diarioregionaldigital.com.br\/index.php?rest_route=\/wp\/v2\/posts\/210573\/revisions\/210575"}],"wp:featuredmedia":[{"embeddable":true,"href":"https:\/\/diarioregionaldigital.com.br\/index.php?rest_route=\/wp\/v2\/media\/210574"}],"wp:attachment":[{"href":"https:\/\/diarioregionaldigital.com.br\/index.php?rest_route=%2Fwp%2Fv2%2Fmedia&parent=210573"}],"wp:term":[{"taxonomy":"category","embeddable":true,"href":"https:\/\/diarioregionaldigital.com.br\/index.php?rest_route=%2Fwp%2Fv2%2Fcategories&post=210573"},{"taxonomy":"post_tag","embeddable":true,"href":"https:\/\/diarioregionaldigital.com.br\/index.php?rest_route=%2Fwp%2Fv2%2Ftags&post=210573"}],"curies":[{"name":"wp","href":"https:\/\/api.w.org\/{rel}","templated":true}]}}