{"id":210570,"date":"2023-02-21T04:59:13","date_gmt":"2023-02-21T07:59:13","guid":{"rendered":"https:\/\/diarioregionaldigital.com.br\/?p=210570"},"modified":"2023-02-21T04:59:13","modified_gmt":"2023-02-21T07:59:13","slug":"tenis-thiago-monteiro-inicia-rio-open-com-vitoria-sobre-dominic-thiem","status":"publish","type":"post","link":"https:\/\/diarioregionaldigital.com.br\/?p=210570","title":{"rendered":"T\u00eanis: Thiago Monteiro inicia Rio Open com vit\u00f3ria sobre Dominic Thiem"},"content":{"rendered":"<p>O brasileiro Thiago Monteiro iniciou sua participa\u00e7\u00e3o na nona edi\u00e7\u00e3o do Rio Open com uma vit\u00f3ria por 2 sets a 1 sobre o austr\u00edaco Dominic Thiem, campe\u00e3o da edi\u00e7\u00e3o 2020 do US Open 2020 e do Rio Open de 2017. Para ficar com a vaga nas oitavas de final, o cearense precisou de duas horas e 44 minutos pare triunfar por 6\/1, 3\/6 e 7\/6 (7\/2) na noite desta segunda-feira (20).<img decoding=\"async\" src=\"https:\/\/agenciabrasil.ebc.com.br\/ebc.png?id=1511855&amp;o=node\" \/><img decoding=\"async\" src=\"https:\/\/agenciabrasil.ebc.com.br\/ebc.gif?id=1511855&amp;o=node\" \/><\/p>\n<p>Logo ap\u00f3s o triunfo, Monteiro publicou em seu perfil em uma rede social a seguinte mensagem: \u201cObrigado Rio Open por mais uma noite inesquec\u00edvel\u201d.<\/p>\n<p>O Brasil teve outro representante em quadra nesta segunda, o estreante Jo\u00e3o Fonseca. O jovem de 16 anos abriu o maior torneio de t\u00eanis da Am\u00e9rica do Sul e acabou sendo superado por 2 sets a 0 (parciais de 6\/0 e 6\/3) pelo eslovaco Alex Molcan.<\/p>\n<h2>Rio Open<\/h2>\n<p>O Rio Open \u00e9 um dos 13 campeonatos de n\u00edvel ATP 500, uma das categorias mais importantes do t\u00eanis. \u00c9 um dos tr\u00eas eventos desse porte disputados no saibro, junto com Hamburgo (Alemanha) e Barcelona (Espanha).<\/p>\n<p><span style=\"font-weight: 400;\"><br \/>\n<\/span><span style=\"font-weight: 400;\">Fonte: Ag\u00eancia Brasil <\/span><\/p>\n","protected":false},"excerpt":{"rendered":"<p>O brasileiro Thiago Monteiro iniciou sua participa\u00e7\u00e3o na nona edi\u00e7\u00e3o do Rio Open com uma vit\u00f3ria por 2 sets a 1 sobre o austr\u00edaco Dominic Thiem, campe\u00e3o da edi\u00e7\u00e3o 2020 do US Open 2020 e do Rio Open de 2017. Para ficar com a vaga nas oitavas de final, o cearense precisou de duas horas [&hellip;]<\/p>\n","protected":false},"author":246,"featured_media":210571,"comment_status":"closed","ping_status":"closed","sticky":false,"template":"","format":"standard","meta":{"footnotes":""},"categories":[436,440,257,439],"tags":[],"class_list":["post-210570","post","type-post","status-publish","format-standard","has-post-thumbnail","hentry","category-destaque-da-semana","category-destaques-do-dia","category-esporte","category-ultima-hora"],"_links":{"self":[{"href":"https:\/\/diarioregionaldigital.com.br\/index.php?rest_route=\/wp\/v2\/posts\/210570","targetHints":{"allow":["GET"]}}],"collection":[{"href":"https:\/\/diarioregionaldigital.com.br\/index.php?rest_route=\/wp\/v2\/posts"}],"about":[{"href":"https:\/\/diarioregionaldigital.com.br\/index.php?rest_route=\/wp\/v2\/types\/post"}],"author":[{"embeddable":true,"href":"https:\/\/diarioregionaldigital.com.br\/index.php?rest_route=\/wp\/v2\/users\/246"}],"replies":[{"embeddable":true,"href":"https:\/\/diarioregionaldigital.com.br\/index.php?rest_route=%2Fwp%2Fv2%2Fcomments&post=210570"}],"version-history":[{"count":1,"href":"https:\/\/diarioregionaldigital.com.br\/index.php?rest_route=\/wp\/v2\/posts\/210570\/revisions"}],"predecessor-version":[{"id":210572,"href":"https:\/\/diarioregionaldigital.com.br\/index.php?rest_route=\/wp\/v2\/posts\/210570\/revisions\/210572"}],"wp:featuredmedia":[{"embeddable":true,"href":"https:\/\/diarioregionaldigital.com.br\/index.php?rest_route=\/wp\/v2\/media\/210571"}],"wp:attachment":[{"href":"https:\/\/diarioregionaldigital.com.br\/index.php?rest_route=%2Fwp%2Fv2%2Fmedia&parent=210570"}],"wp:term":[{"taxonomy":"category","embeddable":true,"href":"https:\/\/diarioregionaldigital.com.br\/index.php?rest_route=%2Fwp%2Fv2%2Fcategories&post=210570"},{"taxonomy":"post_tag","embeddable":true,"href":"https:\/\/diarioregionaldigital.com.br\/index.php?rest_route=%2Fwp%2Fv2%2Ftags&post=210570"}],"curies":[{"name":"wp","href":"https:\/\/api.w.org\/{rel}","templated":true}]}}