{"id":210567,"date":"2023-02-21T04:56:21","date_gmt":"2023-02-21T07:56:21","guid":{"rendered":"https:\/\/diarioregionaldigital.com.br\/?p=210567"},"modified":"2023-02-21T04:56:21","modified_gmt":"2023-02-21T07:56:21","slug":"ordem-publica-aplica-multas-por-irregularidades-no-carnaval-do-rio","status":"publish","type":"post","link":"https:\/\/diarioregionaldigital.com.br\/?p=210567","title":{"rendered":"Ordem P\u00fablica aplica multas por irregularidades no carnaval do Rio"},"content":{"rendered":"<p>Se as ruas do Rio de Janeiro foram tomadas por foli\u00f5es dispostos a acabar com a saudade do carnaval, suspenso por dois anos por causa da pandemia de covid-19, para atender tanta gente tem tamb\u00e9m um batalh\u00e3o de ambulantes vendendo desde \u00e1gua a artigos de enfeites. Isso tudo, claro, sem esquecer a bolsa chamada doleira para guardar documentos, dinheiro e celulares e evitar a perda para assaltantes. Com todo esse movimento, os catadores de materiais recicl\u00e1veis tamb\u00e9m est\u00e3o conseguindo mais trabalho e juntam sacos e sacos de latinhas de bebidas.<img decoding=\"async\" src=\"https:\/\/agenciabrasil.ebc.com.br\/ebc.png?id=1511547&amp;o=node\" \/><img decoding=\"async\" src=\"https:\/\/agenciabrasil.ebc.com.br\/ebc.gif?id=1511547&amp;o=node\" \/><\/p>\n<p>A fiscaliza\u00e7\u00e3o dos ambulantes no entorno do Samb\u00f3dromo da Marqu\u00eas de Sapuca\u00ed, no centro, e nos blocos em diversos bairros, est\u00e1 sob a responsabilidade da Secretaria Municipal de Ordem P\u00fablica (Seop) e da Guarda Municipal do Rio (GM-Rio), que fazem a\u00e7\u00f5es preventivas de monitoramento e fiscaliza\u00e7\u00e3o de tr\u00e2nsito.<\/p>\n<p>No ordenamento de tr\u00e2nsito, nessa\u00a0sexta-feira\u00a0(17) foram aplicadas 462 multas e 46 delas resultaram em ve\u00edculos rebocados. Aos ambulantes, os agentes aplicaram 61 multas e apreenderam 1.406 produtos irregulares, como bebidas em garrafa de vidro. A fiscaliza\u00e7\u00e3o flagrou tamb\u00e9m 498 ambulantes irregulares, que foram removidos das ruas.<\/p>\n<h2>Praias<\/h2>\n<p>Nas praias, as a\u00e7\u00f5es dos agentes terminaram com multas a 47 barraqueiros por estarem loteando as areias.<\/p>\n<p>At\u00e9 o dia 26 deste m\u00eas, 4 mil agentes ser\u00e3o empregados nas opera\u00e7\u00f5es da Seop e Guarda Municipal. \u201cDo total do efetivo, 1.481 guardas municipais atuar\u00e3o exclusivamente nas a\u00e7\u00f5es de tr\u00e2nsito, al\u00e9m de operarem nos bloqueios estabelecidos pela CET-Rio no entorno da Passarela do Samba e da Nova Intendente Magalh\u00e3es. Tamb\u00e9m para o deslocamento dos carros aleg\u00f3ricos, e nos trajetos dos blocos, com foco na seguran\u00e7a vi\u00e1ria e na diminui\u00e7\u00e3o de impactos no tr\u00e2nsito\u201d informou.<\/p>\n<h2>Sa\u00fade<\/h2>\n<p>No primeiro dia de desfiles das escolas de samba da S\u00e9rie Ouro a Secretaria Municipal de Sa\u00fade (SMS) atendeu 265 pessoas nos sete postos m\u00e9dicos em funcionamento no Samb\u00f3dromo da Marqu\u00eas de Sapuca\u00ed. Entre elas, 22 pessoas foram transferidas para unidades municipais de sa\u00fade. O atendimento come\u00e7ou \u00e0s 19h de sexta-feira. Os postos da SMS Rio est\u00e3o localizados nos setores 1 (concentra\u00e7\u00e3o), 2, 7, 8, 10 (Rua Salvador de S\u00e1), 11 e Apoteose (dispers\u00e3o) e funcionar\u00e3o at\u00e9 o final dos desfiles.<\/p>\n<p>A estrutura montada tem 32 leitos, oito deles de suporte avan\u00e7ado. Os pacientes com quadros mais graves, s\u00e3o removidos em ambul\u00e2ncias com UTI m\u00f3vel, coordenada pela Central Municipal de Regula\u00e7\u00e3o para hospitais ou UPAs da rede. \u201cS\u00e3o 16 ambul\u00e2ncias com suporte avan\u00e7ado (UTI m\u00f3vel) em cada dia de desfile das escolas da S\u00e9rie Ouro, Grupo Especial e no s\u00e1bado das campe\u00e3s. Para o desfile das crian\u00e7as, ser\u00e3o 10 viaturas dispon\u00edveis\u201d, completou.<\/p>\n<p>Ontem tamb\u00e9m, equipes da Secretaria de Assist\u00eancia Social distribu\u00edram 249 pulseiras de identifica\u00e7\u00e3o para crian\u00e7as e adolescentes no Samb\u00f3dromo. A secretaria trabalha em parceria com o Conselho Municipal dos Direitos da Crian\u00e7a e do Adolescente. At\u00e9 ter\u00e7a-feira (21) ser\u00e3o disponibilizadas 10 mil pulseiras.<\/p>\n<p><span style=\"font-weight: 400;\">Fonte: Ag\u00eancia Brasil <\/span><\/p>\n","protected":false},"excerpt":{"rendered":"<p>Se as ruas do Rio de Janeiro foram tomadas por foli\u00f5es dispostos a acabar com a saudade do carnaval, suspenso por dois anos por causa da pandemia de covid-19, para atender tanta gente tem tamb\u00e9m um batalh\u00e3o de ambulantes vendendo desde \u00e1gua a artigos de enfeites. Isso tudo, claro, sem esquecer a bolsa chamada doleira [&hellip;]<\/p>\n","protected":false},"author":246,"featured_media":210568,"comment_status":"closed","ping_status":"closed","sticky":false,"template":"","format":"standard","meta":{"footnotes":""},"categories":[436,254,439],"tags":[],"class_list":["post-210567","post","type-post","status-publish","format-standard","has-post-thumbnail","hentry","category-destaque-da-semana","category-politica","category-ultima-hora"],"_links":{"self":[{"href":"https:\/\/diarioregionaldigital.com.br\/index.php?rest_route=\/wp\/v2\/posts\/210567","targetHints":{"allow":["GET"]}}],"collection":[{"href":"https:\/\/diarioregionaldigital.com.br\/index.php?rest_route=\/wp\/v2\/posts"}],"about":[{"href":"https:\/\/diarioregionaldigital.com.br\/index.php?rest_route=\/wp\/v2\/types\/post"}],"author":[{"embeddable":true,"href":"https:\/\/diarioregionaldigital.com.br\/index.php?rest_route=\/wp\/v2\/users\/246"}],"replies":[{"embeddable":true,"href":"https:\/\/diarioregionaldigital.com.br\/index.php?rest_route=%2Fwp%2Fv2%2Fcomments&post=210567"}],"version-history":[{"count":1,"href":"https:\/\/diarioregionaldigital.com.br\/index.php?rest_route=\/wp\/v2\/posts\/210567\/revisions"}],"predecessor-version":[{"id":210569,"href":"https:\/\/diarioregionaldigital.com.br\/index.php?rest_route=\/wp\/v2\/posts\/210567\/revisions\/210569"}],"wp:featuredmedia":[{"embeddable":true,"href":"https:\/\/diarioregionaldigital.com.br\/index.php?rest_route=\/wp\/v2\/media\/210568"}],"wp:attachment":[{"href":"https:\/\/diarioregionaldigital.com.br\/index.php?rest_route=%2Fwp%2Fv2%2Fmedia&parent=210567"}],"wp:term":[{"taxonomy":"category","embeddable":true,"href":"https:\/\/diarioregionaldigital.com.br\/index.php?rest_route=%2Fwp%2Fv2%2Fcategories&post=210567"},{"taxonomy":"post_tag","embeddable":true,"href":"https:\/\/diarioregionaldigital.com.br\/index.php?rest_route=%2Fwp%2Fv2%2Ftags&post=210567"}],"curies":[{"name":"wp","href":"https:\/\/api.w.org\/{rel}","templated":true}]}}