{"id":210564,"date":"2023-02-21T04:54:57","date_gmt":"2023-02-21T07:54:57","guid":{"rendered":"https:\/\/diarioregionaldigital.com.br\/?p=210564"},"modified":"2023-02-21T04:54:57","modified_gmt":"2023-02-21T07:54:57","slug":"ministra-da-cultura-promete-apoio-federal-ao-carnaval","status":"publish","type":"post","link":"https:\/\/diarioregionaldigital.com.br\/?p=210564","title":{"rendered":"Ministra da Cultura promete apoio federal ao carnaval"},"content":{"rendered":"<p>A ministra da Cultura, Margareth Menezes, anunciou hoje (19) que\u00a0o governo federal vai\u00a0apoiar o carnaval nas diferentes partes do Brasil, descentralizando\u00a0leis\u00a0de fomento e estimulando empresas e a sociedade a investirem mais na cultura via leis de incentivo. Depois de acompanhar a abertura dos carnavais de Salvador e Recife, a ministra fez um pronunciamento no in\u00edcio da noite deste domingo no Rio de Janeiro, onde vai acompanhar a primeira noite do desfile das escolas de samba do Grupo Especial.<img decoding=\"async\" src=\"https:\/\/agenciabrasil.ebc.com.br\/ebc.png?id=1511667&amp;o=node\" \/><img decoding=\"async\" src=\"https:\/\/agenciabrasil.ebc.com.br\/ebc.gif?id=1511667&amp;o=node\" \/><\/p>\n<p>&#8220;Firmamos compromisso de que, a partir de agora, iremos buscar cada vez mais sensibilizar as empresas e a sociedade para perceber as vantagens de investir na cultura do pa\u00eds. Viabilizaremos a\u00e7\u00f5es que fa\u00e7am chegar os recursos necess\u00e1rios. A descentraliza\u00e7\u00e3o das leis de fomento \u00e0 cultura e o di\u00e1logo que estabeleceremos com as empresas para cativar mais apoio e investimento em a\u00e7\u00f5es no setor cultural j\u00e1 s\u00e3o metas tra\u00e7adas no minist\u00e9rio&#8221;.<\/p>\n<p>A ministra destacou que as leis de incentivo \u00e0 cultura cumprem um papel fundamental no carnaval, e que as escolas de samba teriam muita dificuldade em organizar seus desfiles sem elas. Margareth Menezes anunciou que Mangueira e Unidos da Tijuca apresentaram projetos para receber apoio federal via lei de incentivo\u00a0e receber\u00e3o recursos.<\/p>\n<p>&#8220;A partir do pr\u00f3ximo ano, queremos estender essa possibilidade de apoio \u00e0s mais diversas regi\u00f5es do pa\u00eds&#8221;, disse ela, que defendeu a import\u00e2ncia econ\u00f4mica do carnaval.<\/p>\n<blockquote><p>&#8220;N\u00e3o se trata absolutamente apenas de um momento de distra\u00e7\u00e3o do povo. H\u00e1 muito tempo o carnaval brasileiro j\u00e1 mostrou a que veio. O nosso carnaval \u00e9 uma grande plataforma de oportunidades de trabalho e um vetor de gera\u00e7\u00e3o de empregos e renda muito maior do que podemos imaginar&#8221;.<\/p><\/blockquote>\n<p>A ministra disse que o carnaval cumpre um papel importante no reconhecimento da cultura e da identidade brasileira mundo afora, e que \u00e9 preciso tirar maior proveito disso. Ao fim de seu pronunciamento, ela aproveitou para cantar um dos mais famosos sambas-enredos do carnaval do Rio de Janeiro, &#8220;\u00c9 Hoje&#8221;, composto para o desfile de 1982 da Uni\u00e3o da Ilha do Governador.<\/p>\n<p>&#8220;A minha alegria atravessou o mar\/ E ancorou na passarela \/ Fez um desembarque fascinante \/ No maior show da Terra. Viva o Carnaval do Rio de Janeiro!&#8221;<\/p>\n<h2>Embratur<\/h2>\n<p>O presidente da Embratur, Marcelo Freixo, tamb\u00e9m participou do evento e defendeu que o desenvolvimento do Brasil n\u00e3o pode abrir m\u00e3o de sua cultura e da alegria do carnaval, potencial em que poucos pa\u00edses do mundo se equiparam ao Brasil.<\/p>\n<p>&#8220;O carnaval \u00e9 um momento de celebra\u00e7\u00e3o da vida, onde o povo brasileiro vai recuperar a alegria. S\u00e3o dois anos de pandemia e quatro anos da destrui\u00e7\u00e3o de qualquer projeto cultural no pa\u00eds, fazendo muito mal \u00e0 imagem do Brasil l\u00e1 fora e ao nosso esp\u00edrito aqui dentro&#8221;, disse. &#8220;Esse \u00e9 o primeiro carnaval depois da pandemia e depois do pandem\u00f4nio, e a gente ter\u00e1 a chance de fazer o carnaval mais bonito da nossa hist\u00f3ria, porque a gente merece&#8221;.<\/p>\n<p>Freixo ressaltou que o carnaval gera ganhos aos empres\u00e1rios do setor hoteleiro e de servi\u00e7os, e tamb\u00e9m para trabalhadores aut\u00f4nomos como taxistas e ambulantes.<\/p>\n<p>&#8220;Gra\u00e7as \u00e0 ci\u00eancia, gra\u00e7as \u00e0 vacina, gra\u00e7as aos profissionais de sa\u00fade, a gente est\u00e1 vivo e a gente vai para o carnaval, porque carnaval \u00e9 vida, \u00e9 emprego, \u00e9 emprego, \u00e9 trabalho, \u00e9 renda, \u00e9 desenvolvimento e \u00e9 isso que o Brasil precisa&#8221;.<\/p>\n<p>A secret\u00e1ria de estado de cultura e economia criativa do Rio de Janeiro, Danielle Barros, agradeceu a presen\u00e7a da ministra no carnaval carioca e disse que estado e munic\u00edpio vinham trabalhando sem apoio federal na promo\u00e7\u00e3o da festa.<\/p>\n<p>&#8220;Nos \u00faltimos anos, a gente tem feito carnaval sozinho no Rio de Janeiro. S\u00f3 a prefeitura e o governo do estado. E \u00e9 uma festa grande demais para ficar s\u00f3 na m\u00e3o da prefeitura e do governo do estado. Estava faltando uma m\u00e3o. E a sua presen\u00e7a aqui \u00e9 um aceno de que\u00a0essa m\u00e3o chega para nos ajudar, e que no ano que vem a gente tem a certeza de que vai fazer carnaval junto com o Minist\u00e9rio da Cultura, e entregar um carnaval ainda muito mais potente, se \u00e9 que isso \u00e9 poss\u00edvel.&#8221;<\/p>\n<p><span style=\"font-weight: 400;\">Fonte: Ag\u00eancia Brasil <\/span><\/p>\n","protected":false},"excerpt":{"rendered":"<p>A ministra da Cultura, Margareth Menezes, anunciou hoje (19) que\u00a0o governo federal vai\u00a0apoiar o carnaval nas diferentes partes do Brasil, descentralizando\u00a0leis\u00a0de fomento e estimulando empresas e a sociedade a investirem mais na cultura via leis de incentivo. Depois de acompanhar a abertura dos carnavais de Salvador e Recife, a ministra fez um pronunciamento no in\u00edcio [&hellip;]<\/p>\n","protected":false},"author":246,"featured_media":210565,"comment_status":"closed","ping_status":"closed","sticky":false,"template":"","format":"standard","meta":{"footnotes":""},"categories":[436,254,439],"tags":[],"class_list":["post-210564","post","type-post","status-publish","format-standard","has-post-thumbnail","hentry","category-destaque-da-semana","category-politica","category-ultima-hora"],"_links":{"self":[{"href":"https:\/\/diarioregionaldigital.com.br\/index.php?rest_route=\/wp\/v2\/posts\/210564","targetHints":{"allow":["GET"]}}],"collection":[{"href":"https:\/\/diarioregionaldigital.com.br\/index.php?rest_route=\/wp\/v2\/posts"}],"about":[{"href":"https:\/\/diarioregionaldigital.com.br\/index.php?rest_route=\/wp\/v2\/types\/post"}],"author":[{"embeddable":true,"href":"https:\/\/diarioregionaldigital.com.br\/index.php?rest_route=\/wp\/v2\/users\/246"}],"replies":[{"embeddable":true,"href":"https:\/\/diarioregionaldigital.com.br\/index.php?rest_route=%2Fwp%2Fv2%2Fcomments&post=210564"}],"version-history":[{"count":1,"href":"https:\/\/diarioregionaldigital.com.br\/index.php?rest_route=\/wp\/v2\/posts\/210564\/revisions"}],"predecessor-version":[{"id":210566,"href":"https:\/\/diarioregionaldigital.com.br\/index.php?rest_route=\/wp\/v2\/posts\/210564\/revisions\/210566"}],"wp:featuredmedia":[{"embeddable":true,"href":"https:\/\/diarioregionaldigital.com.br\/index.php?rest_route=\/wp\/v2\/media\/210565"}],"wp:attachment":[{"href":"https:\/\/diarioregionaldigital.com.br\/index.php?rest_route=%2Fwp%2Fv2%2Fmedia&parent=210564"}],"wp:term":[{"taxonomy":"category","embeddable":true,"href":"https:\/\/diarioregionaldigital.com.br\/index.php?rest_route=%2Fwp%2Fv2%2Fcategories&post=210564"},{"taxonomy":"post_tag","embeddable":true,"href":"https:\/\/diarioregionaldigital.com.br\/index.php?rest_route=%2Fwp%2Fv2%2Ftags&post=210564"}],"curies":[{"name":"wp","href":"https:\/\/api.w.org\/{rel}","templated":true}]}}