{"id":210561,"date":"2023-02-21T04:53:37","date_gmt":"2023-02-21T07:53:37","guid":{"rendered":"https:\/\/diarioregionaldigital.com.br\/?p=210561"},"modified":"2023-02-21T04:53:37","modified_gmt":"2023-02-21T07:53:37","slug":"justica-lewandowski-encerra-tres-acoes-contra-lula-que-estavam-suspensas","status":"publish","type":"post","link":"https:\/\/diarioregionaldigital.com.br\/?p=210561","title":{"rendered":"Justi\u00e7a Lewandowski encerra tr\u00eas a\u00e7\u00f5es contra Lula que estavam suspensas"},"content":{"rendered":"<p>O ministro Ricardo Lewandowski, do Supremo Tribunal Federal (STF), determinou o trancamento e encerramento de tr\u00eas a\u00e7\u00f5es da extinta Lava Jato e da Opera\u00e7\u00e3o Zelotes contra o presidente Luiz In\u00e1cio Lula da Silva. As investiga\u00e7\u00f5es, que estavam suspensas, diziam respeito a doa\u00e7\u00f5es da empreiteira Odebrecht ao Instituto Lula, \u00e0 compra do terreno do instituto e a supostas irregularidades na compra de ca\u00e7as suecos para a Aeron\u00e1utica durante o governo da ex-presidenta Dilma Rousseff.<img decoding=\"async\" src=\"https:\/\/agenciabrasil.ebc.com.br\/ebc.png?id=1511540&amp;o=node\" \/><img decoding=\"async\" src=\"https:\/\/agenciabrasil.ebc.com.br\/ebc.gif?id=1511540&amp;o=node\" \/><\/p>\n<p>As duas primeiras investiga\u00e7\u00f5es estavam suspensas desde setembro de 2021 por ordem do STF. A apura\u00e7\u00e3o sobre um suposto tr\u00e1fico de influ\u00eancia de Lula na aquisi\u00e7\u00e3o dos ca\u00e7as F-39 Gripen havia sido suspensa em mar\u00e7o do ano passado. As a\u00e7\u00f5es, que tramitavam na Justi\u00e7a Federal em Bras\u00edlia, foram encerradas.<\/p>\n<p>Na decis\u00e3o, Lewandowski indicou que as provas apresentadas nas a\u00e7\u00f5es s\u00e3o ilegais. Segundo ele n\u00e3o h\u00e1 cabimento para que os processos continuem a tramitar. No texto, ele classificou as provas de \u201ceivadas de v\u00edcios insan\u00e1veis e claramente desprovidas de lastro probat\u00f3rio m\u00ednimo\u201d.<\/p>\n<p>A interrup\u00e7\u00e3o definitiva das investiga\u00e7\u00f5es havia sido pedida pela defesa de Lula no processo de anula\u00e7\u00e3o das provas que constavam do acordo de leni\u00eancia entre a Odebrecht e for\u00e7a-tarefa dos procuradores da Lava Jato no Minist\u00e9rio P\u00fablico Federal. Os pedidos foram feitos com base em material apreendido pela Opera\u00e7\u00e3o Spoofing da Pol\u00edcia Federal, que prendeu um grupo de\u00a0<em>hackers<\/em>\u00a0que invadiram celulares de ju\u00edzes e de procuradores da Lava Jato.<\/p>\n<p>\u201dExaminado com verticalidade o mosaico f\u00e1tico-jur\u00eddico pormenorizadamente descrito acima, n\u00e3o concebo a exist\u00eancia de den\u00fancias temer\u00e1rias, sem o m\u00ednimo de elementos probat\u00f3rios h\u00edgidos [salutares], e, ainda, sabidamente desprovidas de correla\u00e7\u00e3o leg\u00edtima entre elas e fase pr\u00e9-processual. Trata-se, em verdade, de imputa\u00e7\u00f5es calcadas em provas contaminadas, que foram produzidas, custodiadas e utilizadas de forma il\u00edcita e ileg\u00edtima, o que evidencia a aus\u00eancia de justa causa para o seu prosseguimento\u201d, escreveu Lewandowski na decis\u00e3o.<\/p>\n<p><span style=\"font-weight: 400;\">Fonte: Ag\u00eancia Brasil <\/span><\/p>\n","protected":false},"excerpt":{"rendered":"<p>O ministro Ricardo Lewandowski, do Supremo Tribunal Federal (STF), determinou o trancamento e encerramento de tr\u00eas a\u00e7\u00f5es da extinta Lava Jato e da Opera\u00e7\u00e3o Zelotes contra o presidente Luiz In\u00e1cio Lula da Silva. As investiga\u00e7\u00f5es, que estavam suspensas, diziam respeito a doa\u00e7\u00f5es da empreiteira Odebrecht ao Instituto Lula, \u00e0 compra do terreno do instituto e [&hellip;]<\/p>\n","protected":false},"author":246,"featured_media":210562,"comment_status":"closed","ping_status":"closed","sticky":false,"template":"","format":"standard","meta":{"footnotes":""},"categories":[436,254,439],"tags":[],"class_list":["post-210561","post","type-post","status-publish","format-standard","has-post-thumbnail","hentry","category-destaque-da-semana","category-politica","category-ultima-hora"],"_links":{"self":[{"href":"https:\/\/diarioregionaldigital.com.br\/index.php?rest_route=\/wp\/v2\/posts\/210561","targetHints":{"allow":["GET"]}}],"collection":[{"href":"https:\/\/diarioregionaldigital.com.br\/index.php?rest_route=\/wp\/v2\/posts"}],"about":[{"href":"https:\/\/diarioregionaldigital.com.br\/index.php?rest_route=\/wp\/v2\/types\/post"}],"author":[{"embeddable":true,"href":"https:\/\/diarioregionaldigital.com.br\/index.php?rest_route=\/wp\/v2\/users\/246"}],"replies":[{"embeddable":true,"href":"https:\/\/diarioregionaldigital.com.br\/index.php?rest_route=%2Fwp%2Fv2%2Fcomments&post=210561"}],"version-history":[{"count":1,"href":"https:\/\/diarioregionaldigital.com.br\/index.php?rest_route=\/wp\/v2\/posts\/210561\/revisions"}],"predecessor-version":[{"id":210563,"href":"https:\/\/diarioregionaldigital.com.br\/index.php?rest_route=\/wp\/v2\/posts\/210561\/revisions\/210563"}],"wp:featuredmedia":[{"embeddable":true,"href":"https:\/\/diarioregionaldigital.com.br\/index.php?rest_route=\/wp\/v2\/media\/210562"}],"wp:attachment":[{"href":"https:\/\/diarioregionaldigital.com.br\/index.php?rest_route=%2Fwp%2Fv2%2Fmedia&parent=210561"}],"wp:term":[{"taxonomy":"category","embeddable":true,"href":"https:\/\/diarioregionaldigital.com.br\/index.php?rest_route=%2Fwp%2Fv2%2Fcategories&post=210561"},{"taxonomy":"post_tag","embeddable":true,"href":"https:\/\/diarioregionaldigital.com.br\/index.php?rest_route=%2Fwp%2Fv2%2Ftags&post=210561"}],"curies":[{"name":"wp","href":"https:\/\/api.w.org\/{rel}","templated":true}]}}