{"id":210558,"date":"2023-02-21T04:51:39","date_gmt":"2023-02-21T07:51:39","guid":{"rendered":"https:\/\/diarioregionaldigital.com.br\/?p=210558"},"modified":"2023-02-21T04:51:39","modified_gmt":"2023-02-21T07:51:39","slug":"governo-federal-reconhece-calamidade-em-seis-municipios-paulistas","status":"publish","type":"post","link":"https:\/\/diarioregionaldigital.com.br\/?p=210558","title":{"rendered":"Governo federal reconhece calamidade em seis munic\u00edpios paulistas"},"content":{"rendered":"<p>A Defesa Civil Nacional reconheceu, de forma sum\u00e1ria, estado de calamidade p\u00fablica nos seis munic\u00edpios paulistas mais atingidos pelas chuvas do fim de semana. Segundo informa\u00e7\u00f5es do Minist\u00e9rio da Integra\u00e7\u00e3o e Desenvolvimento Regional, os munic\u00edpios nessa situa\u00e7\u00e3o s\u00e3o: S\u00e3o Sebasti\u00e3o, Caraguatatuba, Guaruj\u00e1, Bertioga, Ilhabela e Ubatuba.<img decoding=\"async\" src=\"https:\/\/agenciabrasil.ebc.com.br\/ebc.png?id=1511758&amp;o=node\" \/><img decoding=\"async\" src=\"https:\/\/agenciabrasil.ebc.com.br\/ebc.gif?id=1511758&amp;o=node\" \/><\/p>\n<p>Com a decis\u00e3o, \u00e9 poss\u00edvel agilizar medidas de assist\u00eancia \u00e0 popula\u00e7\u00e3o afetada, restabelecimento de servi\u00e7os essenciais e reconstru\u00e7\u00e3o da infraestrutura p\u00fablica danificada. Uma equipe da Defesa Civil Nacional est\u00e1 na regi\u00e3o desde\u00a0<span id=\"OBJ_PREFIX_DWT2134_com_zimbra_date\" role=\"link\">ontem<\/span>\u00a0(19) para elaborar planos de trabalho a fim de que possam ser solicitados recursos federais.<\/p>\n<p>A ideia \u00e9, num primeiro momento, liberar verbas para cestas b\u00e1sicas, kits de limpeza de resid\u00eancias, de higiene pessoal e de dormit\u00f3rio, colch\u00f5es, redes, refei\u00e7\u00f5es para as equipes de trabalho, \u00e1gua mineral, combust\u00edvel e aluguel de caminh\u00e3o-pipa e de outros ve\u00edculos.<\/p>\n<p>De acordo com o minist\u00e9rio, tamb\u00e9m dever\u00e3o ser liberados recursos para limpeza de ruas, desobstru\u00e7\u00e3o de bueiros, restabelecimento de estradas e reconstru\u00e7\u00e3o de pontes, bueiros, pr\u00e9dios p\u00fablicos, unidades habitacionais e outras infraestruturas p\u00fablicas destru\u00eddas.<\/p>\n<p>O ministro Waldez G\u00f3es esteve\u00a0<span id=\"OBJ_PREFIX_DWT2135_com_zimbra_date\" role=\"link\">hoje<\/span>\u00a0em S\u00e3o Sebasti\u00e3o, a cidade com mais v\u00edtimas, acompanhado do presidente Luiz In\u00e1cio Lula da Silva.<\/p>\n<p>\u201cNeste primeiro momento, estamos apoiando as fam\u00edlias que tiveram vidas ceifadas. J\u00e1 estamos no local com uma equipe do Grupo de Apoio a Desastres (Gade), composta por especialistas, para fazer um trabalho em parceria com a Defesa Civil municipal e conseguirmos ser mais \u00e1geis nas respostas, nas informa\u00e7\u00f5es e na apura\u00e7\u00e3o dos fatos\u201d, disse o ministro, em nota publicada pelo\u00a0\u00a0minist\u00e9rio.<\/p>\n<h2>Trag\u00e9dia<\/h2>\n<p>As chuvas que ca\u00edram no litoral norte de S\u00e3o Paulo deixaram pelo menos 36 mortos e cerca de 40 desaparecidos na cidade de S\u00e3o Sebasti\u00e3o e uma crian\u00e7a morta na cidade de Ubatuba. Em toda a regi\u00e3o, segundo o governo de S\u00e3o Paulo, s\u00e3o 970 desalojados e 747 desabrigados.<\/p>\n<p>As chuvas provocaram deslizamentos de terra, alagamentos, bloqueio de estradas e afetaram o abastecimento de \u00e1gua e energia.<\/p>\n<p>O Minist\u00e9rio da Sa\u00fade est\u00e1 enviando kits com 25 medicamentos e 13 diferentes insumos para popula\u00e7\u00f5es em situa\u00e7\u00e3o de emerg\u00eancia, que podem atender cerca de 4,5 mil pessoas durante um m\u00eas.<\/p>\n<p>\u201cUma vez assistidas as v\u00edtimas, devemos tratar da recupera\u00e7\u00e3o, da reconstru\u00e7\u00e3o das cidades. Seja de uma estrada que foi interrompida, uma ponte que caiu, por exemplo. Vamos garantir, e isso \u00e9 um compromisso do presidente Lula, os recursos necess\u00e1rios para que a popula\u00e7\u00e3o e os munic\u00edpios sejam atendidos\u201d, disse o ministro.<\/p>\n<p><span style=\"font-weight: 400;\"><br \/>\n<\/span><span style=\"font-weight: 400;\">Fonte: Ag\u00eancia Brasil <\/span><\/p>\n","protected":false},"excerpt":{"rendered":"<p>A Defesa Civil Nacional reconheceu, de forma sum\u00e1ria, estado de calamidade p\u00fablica nos seis munic\u00edpios paulistas mais atingidos pelas chuvas do fim de semana. Segundo informa\u00e7\u00f5es do Minist\u00e9rio da Integra\u00e7\u00e3o e Desenvolvimento Regional, os munic\u00edpios nessa situa\u00e7\u00e3o s\u00e3o: S\u00e3o Sebasti\u00e3o, Caraguatatuba, Guaruj\u00e1, Bertioga, Ilhabela e Ubatuba. Com a decis\u00e3o, \u00e9 poss\u00edvel agilizar medidas de assist\u00eancia [&hellip;]<\/p>\n","protected":false},"author":246,"featured_media":210559,"comment_status":"closed","ping_status":"closed","sticky":false,"template":"","format":"standard","meta":{"footnotes":""},"categories":[436,440,254,439],"tags":[],"class_list":["post-210558","post","type-post","status-publish","format-standard","has-post-thumbnail","hentry","category-destaque-da-semana","category-destaques-do-dia","category-politica","category-ultima-hora"],"_links":{"self":[{"href":"https:\/\/diarioregionaldigital.com.br\/index.php?rest_route=\/wp\/v2\/posts\/210558","targetHints":{"allow":["GET"]}}],"collection":[{"href":"https:\/\/diarioregionaldigital.com.br\/index.php?rest_route=\/wp\/v2\/posts"}],"about":[{"href":"https:\/\/diarioregionaldigital.com.br\/index.php?rest_route=\/wp\/v2\/types\/post"}],"author":[{"embeddable":true,"href":"https:\/\/diarioregionaldigital.com.br\/index.php?rest_route=\/wp\/v2\/users\/246"}],"replies":[{"embeddable":true,"href":"https:\/\/diarioregionaldigital.com.br\/index.php?rest_route=%2Fwp%2Fv2%2Fcomments&post=210558"}],"version-history":[{"count":1,"href":"https:\/\/diarioregionaldigital.com.br\/index.php?rest_route=\/wp\/v2\/posts\/210558\/revisions"}],"predecessor-version":[{"id":210560,"href":"https:\/\/diarioregionaldigital.com.br\/index.php?rest_route=\/wp\/v2\/posts\/210558\/revisions\/210560"}],"wp:featuredmedia":[{"embeddable":true,"href":"https:\/\/diarioregionaldigital.com.br\/index.php?rest_route=\/wp\/v2\/media\/210559"}],"wp:attachment":[{"href":"https:\/\/diarioregionaldigital.com.br\/index.php?rest_route=%2Fwp%2Fv2%2Fmedia&parent=210558"}],"wp:term":[{"taxonomy":"category","embeddable":true,"href":"https:\/\/diarioregionaldigital.com.br\/index.php?rest_route=%2Fwp%2Fv2%2Fcategories&post=210558"},{"taxonomy":"post_tag","embeddable":true,"href":"https:\/\/diarioregionaldigital.com.br\/index.php?rest_route=%2Fwp%2Fv2%2Ftags&post=210558"}],"curies":[{"name":"wp","href":"https:\/\/api.w.org\/{rel}","templated":true}]}}