{"id":210549,"date":"2023-02-21T04:41:26","date_gmt":"2023-02-21T07:41:26","guid":{"rendered":"https:\/\/diarioregionaldigital.com.br\/?p=210549"},"modified":"2023-02-21T04:41:26","modified_gmt":"2023-02-21T07:41:26","slug":"bolsa-familia-sera-adiantado-para-vitimas-da-chuva-do-litoral-de-sp","status":"publish","type":"post","link":"https:\/\/diarioregionaldigital.com.br\/?p=210549","title":{"rendered":"Bolsa Fam\u00edlia ser\u00e1 adiantado para v\u00edtimas da chuva do litoral de SP"},"content":{"rendered":"<p>O ministro do Desenvolvimento Social (MDS), Wellington Dias, afirmou nesta segunda-feira (20) que a pasta agilizar\u00e1 o pagamento do Bolsa Fam\u00edlia para as v\u00edtimas dos temporais no litoral norte de S\u00e3o Paulo.<img decoding=\"async\" src=\"https:\/\/agenciabrasil.ebc.com.br\/ebc.png?id=1511822&amp;o=node\" \/><img decoding=\"async\" src=\"https:\/\/agenciabrasil.ebc.com.br\/ebc.gif?id=1511822&amp;o=node\" \/><\/p>\n<p>\u201cPara facilitar para as fam\u00edlias, o pagamento de mar\u00e7o ser\u00e1 unificado, feito no dia 20 para todas as fam\u00edlias dos munic\u00edpios atingidos e com decreto de emerg\u00eancia e calamidade\u201d, disse o ministro.<\/p>\n<p>Dias afirmou que uma aeronave do Ex\u00e9rcito levar\u00e1 doa\u00e7\u00f5es para as v\u00edtimas. Segundo o ministro, a pasta est\u00e1 em contato com l\u00edderes municipais e sociais para providenciar a entrega de cestas de alimentos, colch\u00f5es e outras necessidades na assist\u00eancia social.<\/p>\n<p>\u201cAcertei agora com o Brigadeiro Heraldo para viabilizar aeronave para o transporte, da capital S\u00e3o Paulo para S\u00e3o Sebasti\u00e3o e regi\u00e3o, de alimentos, colch\u00f5es, len\u00e7\u00f3is, fraldas e \u00e1gua pot\u00e1vel, adquiridos em parceria entre o MDS e a Central \u00danica das Favelas (CUFA)\u201d, afirmou Wellington Dias.<\/p>\n<p>O governo de S\u00e3o Paulo decretou estado de calamidade p\u00fablica, por 180 dias, para a\u00e7\u00f5es emergenciais em seis munic\u00edpios afetados pelas chuvas: Bertioga, Caraguatatuba, Guaruj\u00e1, Ilha Bela, S\u00e3o Sebasti\u00e3o e Ubatuba.<\/p>\n<h2>V\u00edtimas<\/h2>\n<p>No boletim divulgado no in\u00edcio da tarde desta segunda-feira, mais de 1.730 pessoas seguem desalojadas e outras 766 continuam desabrigadas em todo Estado de S\u00e3o Paulo, v\u00edtimas das fortes chuvas que atingiram o litoral norte ao longo do fim de semana.\u00a0<a href=\"https:\/\/agenciabrasil.ebc.com.br\/geral\/noticia\/2023-02\/sobe-numero-de-desabrigados-e-desalojados-apos-fortes-chuvas-em-sp\" target=\"_blank\" rel=\"noopener\">At\u00e9 o momento<\/a>, foram confirmados 36 \u00f3bitos, sendo 35 em S\u00e3o Sebasti\u00e3o e um em Ubatuba. As informa\u00e7\u00f5es foram divulgadas no in\u00edcio da tarde desta segunda-feira (20), pelo governo do estado.<\/p>\n<p>A Secretaria de Sa\u00fade de S\u00e3o Paulo informou que 13 adultos e cinco crian\u00e7as v\u00edtimas das chuvas s\u00e3o atendidas no Hospital Regional do Litoral Norte. Deste total, cinco est\u00e3o em estado grave, 11 est\u00e1veis e dois receberam alta.<\/p>\n<p><span style=\"font-weight: 400;\">Fonte: Ag\u00eancia Brasil <\/span><\/p>\n","protected":false},"excerpt":{"rendered":"<p>O ministro do Desenvolvimento Social (MDS), Wellington Dias, afirmou nesta segunda-feira (20) que a pasta agilizar\u00e1 o pagamento do Bolsa Fam\u00edlia para as v\u00edtimas dos temporais no litoral norte de S\u00e3o Paulo. \u201cPara facilitar para as fam\u00edlias, o pagamento de mar\u00e7o ser\u00e1 unificado, feito no dia 20 para todas as fam\u00edlias dos munic\u00edpios atingidos e [&hellip;]<\/p>\n","protected":false},"author":246,"featured_media":210550,"comment_status":"closed","ping_status":"closed","sticky":false,"template":"","format":"standard","meta":{"footnotes":""},"categories":[436,261,439],"tags":[],"class_list":["post-210549","post","type-post","status-publish","format-standard","has-post-thumbnail","hentry","category-destaque-da-semana","category-economia","category-ultima-hora"],"_links":{"self":[{"href":"https:\/\/diarioregionaldigital.com.br\/index.php?rest_route=\/wp\/v2\/posts\/210549","targetHints":{"allow":["GET"]}}],"collection":[{"href":"https:\/\/diarioregionaldigital.com.br\/index.php?rest_route=\/wp\/v2\/posts"}],"about":[{"href":"https:\/\/diarioregionaldigital.com.br\/index.php?rest_route=\/wp\/v2\/types\/post"}],"author":[{"embeddable":true,"href":"https:\/\/diarioregionaldigital.com.br\/index.php?rest_route=\/wp\/v2\/users\/246"}],"replies":[{"embeddable":true,"href":"https:\/\/diarioregionaldigital.com.br\/index.php?rest_route=%2Fwp%2Fv2%2Fcomments&post=210549"}],"version-history":[{"count":1,"href":"https:\/\/diarioregionaldigital.com.br\/index.php?rest_route=\/wp\/v2\/posts\/210549\/revisions"}],"predecessor-version":[{"id":210551,"href":"https:\/\/diarioregionaldigital.com.br\/index.php?rest_route=\/wp\/v2\/posts\/210549\/revisions\/210551"}],"wp:featuredmedia":[{"embeddable":true,"href":"https:\/\/diarioregionaldigital.com.br\/index.php?rest_route=\/wp\/v2\/media\/210550"}],"wp:attachment":[{"href":"https:\/\/diarioregionaldigital.com.br\/index.php?rest_route=%2Fwp%2Fv2%2Fmedia&parent=210549"}],"wp:term":[{"taxonomy":"category","embeddable":true,"href":"https:\/\/diarioregionaldigital.com.br\/index.php?rest_route=%2Fwp%2Fv2%2Fcategories&post=210549"},{"taxonomy":"post_tag","embeddable":true,"href":"https:\/\/diarioregionaldigital.com.br\/index.php?rest_route=%2Fwp%2Fv2%2Ftags&post=210549"}],"curies":[{"name":"wp","href":"https:\/\/api.w.org\/{rel}","templated":true}]}}