{"id":210546,"date":"2023-02-21T04:39:13","date_gmt":"2023-02-21T07:39:13","guid":{"rendered":"https:\/\/diarioregionaldigital.com.br\/?p=210546"},"modified":"2023-02-21T04:39:13","modified_gmt":"2023-02-21T07:39:13","slug":"haddad-manda-doar-itens-apreendidos-pela-receita-ao-litoral-paulista","status":"publish","type":"post","link":"https:\/\/diarioregionaldigital.com.br\/?p=210546","title":{"rendered":"Haddad manda doar itens apreendidos pela Receita ao litoral paulista"},"content":{"rendered":"<p>O ministro da Fazenda, Fernando Haddad, determinou nesta segunda-feira (20) que a Receita Federal selecione produtos apreendidos em fiscaliza\u00e7\u00f5es que possam ser doados para v\u00edtimas dos temporais no litoral norte de S\u00e3o Paulo.<img decoding=\"async\" src=\"https:\/\/agenciabrasil.ebc.com.br\/ebc.png?id=1511817&amp;o=node\" \/><img decoding=\"async\" src=\"https:\/\/agenciabrasil.ebc.com.br\/ebc.gif?id=1511817&amp;o=node\" \/><\/p>\n<p>Segundo o\u00a0<a href=\"https:\/\/twitter.com\/Haddad_Fernando\/status\/1627744044200693775\" target=\"_blank\" rel=\"noopener\">ministro<\/a>, s\u00e3o mais de R$ 11 milh\u00f5es em roupas, cal\u00e7ados, itens de cama, mesa e banho, higiene pessoal, material de limpeza e utens\u00edlios de cozinha.<\/p>\n<p>Por meio das redes sociais, Haddad agradeceu aos servidores da Receita Federal, da 8\u00aa Regi\u00e3o Fiscal (SP), que foram mobilizados para fazer a sele\u00e7\u00e3o do material durante o feriado.<\/p>\n<h2>AGU<\/h2>\n<p>Em outra frente de trabalho do governo federal para lidar com os impactos das chuvas, o advogado-geral da Uni\u00e3o (AGU), Jorge Messias, colocou o \u00f3rg\u00e3o \u00e0 disposi\u00e7\u00e3o de todos os gestores da \u00e1rea de defesa civil para auxiliar na ado\u00e7\u00e3o das medidas necess\u00e1rias para r\u00e1pida resposta e aux\u00edlio aos atingidos.<\/p>\n<p>A AGU solicitou apoio \u00e0s entidades de classe das carreiras jur\u00eddicas que comp\u00f5em a institui\u00e7\u00e3o para promover campanhas de ajuda \u00e0s v\u00edtimas. Segundo o \u00f3rg\u00e3o, Associa\u00e7\u00e3o Nacional dos Advogados P\u00fablicos Federais (ANAFE) e o F\u00f3rum Nacional da Advocacia P\u00fablica Federal dever\u00e3o divulgar campanha para aux\u00edlio aos atingidos.<\/p>\n<p><span style=\"font-weight: 400;\">Fonte: Ag\u00eancia Brasil <\/span><\/p>\n","protected":false},"excerpt":{"rendered":"<p>O ministro da Fazenda, Fernando Haddad, determinou nesta segunda-feira (20) que a Receita Federal selecione produtos apreendidos em fiscaliza\u00e7\u00f5es que possam ser doados para v\u00edtimas dos temporais no litoral norte de S\u00e3o Paulo. Segundo o\u00a0ministro, s\u00e3o mais de R$ 11 milh\u00f5es em roupas, cal\u00e7ados, itens de cama, mesa e banho, higiene pessoal, material de limpeza [&hellip;]<\/p>\n","protected":false},"author":246,"featured_media":210547,"comment_status":"closed","ping_status":"closed","sticky":false,"template":"","format":"standard","meta":{"footnotes":""},"categories":[436,440,261,439],"tags":[],"class_list":["post-210546","post","type-post","status-publish","format-standard","has-post-thumbnail","hentry","category-destaque-da-semana","category-destaques-do-dia","category-economia","category-ultima-hora"],"_links":{"self":[{"href":"https:\/\/diarioregionaldigital.com.br\/index.php?rest_route=\/wp\/v2\/posts\/210546","targetHints":{"allow":["GET"]}}],"collection":[{"href":"https:\/\/diarioregionaldigital.com.br\/index.php?rest_route=\/wp\/v2\/posts"}],"about":[{"href":"https:\/\/diarioregionaldigital.com.br\/index.php?rest_route=\/wp\/v2\/types\/post"}],"author":[{"embeddable":true,"href":"https:\/\/diarioregionaldigital.com.br\/index.php?rest_route=\/wp\/v2\/users\/246"}],"replies":[{"embeddable":true,"href":"https:\/\/diarioregionaldigital.com.br\/index.php?rest_route=%2Fwp%2Fv2%2Fcomments&post=210546"}],"version-history":[{"count":1,"href":"https:\/\/diarioregionaldigital.com.br\/index.php?rest_route=\/wp\/v2\/posts\/210546\/revisions"}],"predecessor-version":[{"id":210548,"href":"https:\/\/diarioregionaldigital.com.br\/index.php?rest_route=\/wp\/v2\/posts\/210546\/revisions\/210548"}],"wp:featuredmedia":[{"embeddable":true,"href":"https:\/\/diarioregionaldigital.com.br\/index.php?rest_route=\/wp\/v2\/media\/210547"}],"wp:attachment":[{"href":"https:\/\/diarioregionaldigital.com.br\/index.php?rest_route=%2Fwp%2Fv2%2Fmedia&parent=210546"}],"wp:term":[{"taxonomy":"category","embeddable":true,"href":"https:\/\/diarioregionaldigital.com.br\/index.php?rest_route=%2Fwp%2Fv2%2Fcategories&post=210546"},{"taxonomy":"post_tag","embeddable":true,"href":"https:\/\/diarioregionaldigital.com.br\/index.php?rest_route=%2Fwp%2Fv2%2Ftags&post=210546"}],"curies":[{"name":"wp","href":"https:\/\/api.w.org\/{rel}","templated":true}]}}