{"id":210543,"date":"2023-02-19T06:00:17","date_gmt":"2023-02-19T09:00:17","guid":{"rendered":"https:\/\/diarioregionaldigital.com.br\/?p=210543"},"modified":"2023-02-18T03:19:48","modified_gmt":"2023-02-18T06:19:48","slug":"o-guarda-chuva-do-ze-luis","status":"publish","type":"post","link":"https:\/\/diarioregionaldigital.com.br\/?p=210543","title":{"rendered":"O  guarda-chuva do Z\u00e9 Lu\u00eds"},"content":{"rendered":"<p>Ele era sobrinho querido do dono do banco, mas se imp\u00f4s na administra\u00e7\u00e3o pela sua personalidade. Jos\u00e9 Lu\u00eds Magalh\u00e3es Lins foi diretor do Banco Nacional, mas exerceu uma atividade de apoio \u00e0 cultura que transcendeu todas as expectativas. Era mais do que um simples ministro. Quando Carlos Lacerda quis criar a Editora Nova Fronteira, contou com o apoio do guarda-chuva do Z\u00e9 Lu\u00eds, assim como aconteceu com diversos filmes do Cinema Novo, como \u201cTerra em Transe\u201d, \u201cDeus e o diabo na terra do sol\u201d e \u201cO padre e a mo\u00e7a\u201d. Os seus empr\u00e9stimos para fins culturais eram a perder de vista. Foi assim que tamb\u00e9m atendeu a Roberto Marinho, que se tornaria seu grande amigo.<\/p>\n<p>Era um tipo fechado, de pouca conversa. Isso n\u00e3o me impediu de saber que torcia pelo Am\u00e9rica F.C., o que tamb\u00e9m era o meu caso. Casado com a simp\u00e1tica Nininha Nabuco, com quem teve cinco filhos, detestava holofotes. Mas era sens\u00edvel a dificuldades, como a vivida pelo craque Garrincha, que espalhava todo o seu dinheiro por diversos cantos da casa. N\u00e3o sabia o que tinha. A partir de\u00a0 um certo momento, Z\u00e9 Lu\u00eds passou a tomar conta da vida financeira do grande atacante do Botafogo, e assim as coisas melhoraram.<\/p>\n<p>Lembro tamb\u00e9m que ele era amigo de dois outros grandes diretores de jornal: Nascimento Brito (\u201cJornal do Brasil\u201d) e Chagas Freitas (\u201cO Dia\u201d). Fui testemunha de algumas conversas dele com esses jornalistas. Com essa intimidade, quando ele deixou o Banco Nacional, em 1972, foi presidente da Light e do Banerj, tornando-se depois conselheiro do Tribunal de Contas do Estado do Rio de Janeiro. Aposentou-se em 1999. Morreu na semana passada, aos 93 anos de idade.<\/p>\n<p>Na biografia de Z\u00e9 Lu\u00eds deve-se registrar n\u00e3o apenas a sua prote\u00e7\u00e3o ao Cinema Novo, mas tamb\u00e9m a ajuda a escritores, pintores e pe\u00e7as de teatro. Ele se orgulhava de nunca ter levado calote dessa gente, que ele considerava\u00a0 \u201cmuito honesta\u201d, como foi o caso da TV Globo, nos seus primeiros anos de vida. \u201cFoi tudo tratado com tanta seriedade que acabei me tornando amigo da fam\u00edlia Marinho.\u201d \u2013 disse ele numa entrevista. E nesse estilo ele incluiu a Petite Galeria, em Ipanema, tamb\u00e9m por ele beneficiada.<\/p>\n","protected":false},"excerpt":{"rendered":"<p>Ele era sobrinho querido do dono do banco, mas se imp\u00f4s na administra\u00e7\u00e3o pela sua personalidade. Jos\u00e9 Lu\u00eds Magalh\u00e3es Lins foi diretor do Banco Nacional, mas exerceu uma atividade de apoio \u00e0 cultura que transcendeu todas as expectativas. Era mais do que um simples ministro. Quando Carlos Lacerda quis criar a Editora Nova Fronteira, contou [&hellip;]<\/p>\n","protected":false},"author":96,"featured_media":0,"comment_status":"closed","ping_status":"closed","sticky":false,"template":"","format":"standard","meta":{"footnotes":""},"categories":[275],"tags":[],"class_list":["post-210543","post","type-post","status-publish","format-standard","hentry","category-arnaldo-niskier"],"_links":{"self":[{"href":"https:\/\/diarioregionaldigital.com.br\/index.php?rest_route=\/wp\/v2\/posts\/210543","targetHints":{"allow":["GET"]}}],"collection":[{"href":"https:\/\/diarioregionaldigital.com.br\/index.php?rest_route=\/wp\/v2\/posts"}],"about":[{"href":"https:\/\/diarioregionaldigital.com.br\/index.php?rest_route=\/wp\/v2\/types\/post"}],"author":[{"embeddable":true,"href":"https:\/\/diarioregionaldigital.com.br\/index.php?rest_route=\/wp\/v2\/users\/96"}],"replies":[{"embeddable":true,"href":"https:\/\/diarioregionaldigital.com.br\/index.php?rest_route=%2Fwp%2Fv2%2Fcomments&post=210543"}],"version-history":[{"count":1,"href":"https:\/\/diarioregionaldigital.com.br\/index.php?rest_route=\/wp\/v2\/posts\/210543\/revisions"}],"predecessor-version":[{"id":210544,"href":"https:\/\/diarioregionaldigital.com.br\/index.php?rest_route=\/wp\/v2\/posts\/210543\/revisions\/210544"}],"wp:attachment":[{"href":"https:\/\/diarioregionaldigital.com.br\/index.php?rest_route=%2Fwp%2Fv2%2Fmedia&parent=210543"}],"wp:term":[{"taxonomy":"category","embeddable":true,"href":"https:\/\/diarioregionaldigital.com.br\/index.php?rest_route=%2Fwp%2Fv2%2Fcategories&post=210543"},{"taxonomy":"post_tag","embeddable":true,"href":"https:\/\/diarioregionaldigital.com.br\/index.php?rest_route=%2Fwp%2Fv2%2Ftags&post=210543"}],"curies":[{"name":"wp","href":"https:\/\/api.w.org\/{rel}","templated":true}]}}