{"id":210536,"date":"2023-02-17T18:14:11","date_gmt":"2023-02-17T21:14:11","guid":{"rendered":"https:\/\/diarioregionaldigital.com.br\/?p=210536"},"modified":"2023-02-17T18:14:11","modified_gmt":"2023-02-17T21:14:11","slug":"programa-boniteza-realiza-131-intervencoes-nesta-sexta-17","status":"publish","type":"post","link":"https:\/\/diarioregionaldigital.com.br\/?p=210536","title":{"rendered":"Programa Boniteza realiza 131 interven\u00e7\u00f5es nesta sexta, 17"},"content":{"rendered":"<p>Segundo informa\u00e7\u00f5es do site da Prefeitura de Juiz de Fora (PJF), o Programa Boniteza da Prefeitura de Juiz de Fora (PJF) opera em 131 interven\u00e7\u00f5es nesta sexta-feira, 17.<\/p>\n<p>&nbsp;<\/p>\n<p><strong>Obras<\/strong><\/p>\n<p>&nbsp;<\/p>\n<p>Os Departamentos de Opera\u00e7\u00e3o e Manuten\u00e7\u00e3o em Obras (Domo) e de Estradas Vicinais da Secretaria de Obras t\u00eam previstas 41 a\u00e7\u00f5es.<\/p>\n<p>&nbsp;<\/p>\n<p><strong>Interven\u00e7\u00f5es em continuidade:<\/strong><\/p>\n<p>&nbsp;<\/p>\n<p>&#8211; Obra de conten\u00e7\u00e3o na margem do c\u00f3rrego Santa Luzia &#8211; Santa Luzia<\/p>\n<p>&#8211; Corre\u00e7\u00e3o de eros\u00e3o &#8211; Margem do c\u00f3rrego Democrata &#8211; Democrata<\/p>\n<p>&#8211; Refor\u00e7o de muro + reparo em cal\u00e7ada &#8211; Cras do bairro Vila Olavo Costa<\/p>\n<p>&#8211; Constru\u00e7\u00e3o de dreno\u00a0 e plantio de grama em talude &#8211; Creche do Benfica<\/p>\n<p>&#8211; Corre\u00e7\u00e3o de eros\u00e3o &#8211; Rua Ipiranga &#8211; Santa Rita<\/p>\n<p>&#8211; Execu\u00e7\u00e3o de dreno &#8211; Rua Maestro Jos\u00e9 Querino &#8211; Parque das \u00c1guas<\/p>\n<p>&#8211; Limpeza das bocas de lobo &#8211; Parque das \u00c1guas<\/p>\n<p>&#8211; Limpeza e reforma das bocas de lobo &#8211; Rua Am\u00e9rico Lobo<\/p>\n<p>&#8211; Limpeza das bocas de lobo &#8211; Ruas do bairro Distrito II<\/p>\n<p>&#8211; Limpeza de canaletas de drenagem &#8211; Av. Get\u00falio Vargas &#8211; Centro<\/p>\n<p>&#8211; Lan\u00e7amento de material granulado &#8211; Estrada 29 &#8211; Monte Verde a Torre\u00f5es<\/p>\n<p>&#8211; Lan\u00e7amento de material granulado &#8211; Estrada da Pedra da On\u00e7a &#8211; Monte Verde<\/p>\n<p>&#8211; Patrolamento &#8211; Estrada Boa Vista<\/p>\n<p>&#8211; Obra de cal\u00e7amento &#8211; Comunidade de Penido &#8211; Penido<\/p>\n<p>&#8211; Patrolamento &#8211; Toledos<\/p>\n<p>&#8211; Confec\u00e7\u00e3o de bueiros de aduelas &#8211; Estrada Monte Verde a Goiabal &#8211; Monte Verde<\/p>\n<p>&#8211; Patrolamento &#8211; Estrada de Humait\u00e1 &#8211; Ligando Estrada da Lagoa<\/p>\n<p>&#8211; Lan\u00e7amento de material granulado &#8211; Estrada de Humait\u00e1 &#8211; Ligando Estrada da Lagoa<\/p>\n<p>&#8211; Patrolamento &#8211; Estrada Campo Grande &#8211; Barreira do Triunfo<\/p>\n<p>&#8211; Lan\u00e7amento de material granulado\u00a0 &#8211; Estrada Campo Grande &#8211; Barreira do Triunfo<\/p>\n<p>&#8211; Confec\u00e7\u00e3o de bueiro &#8211; Penido \u00e0 Ros\u00e1rio &#8211; Ros\u00e1rio de Minas<\/p>\n<p>&#8211; Limpeza do c\u00f3rrego &#8211; Valadares \u00e0 Ros\u00e1rio<\/p>\n<p>&#8211; Servi\u00e7o de ro\u00e7ada &#8211; Penido \u00e0 Ros\u00e1rio<\/p>\n<p>&#8211; Reconstru\u00e7\u00e3o de ponte &#8211; Paula Lima a Chap\u00e9u Duvas<\/p>\n<p>&#8211; Confec\u00e7\u00e3o de bueiro de aduelas &#8211; Acesso \u00e0 Col\u00f4nia S\u00e3o Firmino<\/p>\n<p>&#8211; Lan\u00e7amento de material granulado &#8211; Estrada das Araras<\/p>\n<p>&#8211; Lan\u00e7amento de material granulado &#8211; Estrada Para\u00edso<\/p>\n<p>&#8211; Coloca\u00e7\u00e3o de manilhas &#8211; Estrada principal de Varginha &#8211; Paula Lima<\/p>\n<p>&#8211; Corte de galhos &#8211; Estrada principal de Valadares<\/p>\n<p>&#8211; Retirada de barreiras &#8211; Estrada Palmital \u00e0 Ros\u00e1rio<\/p>\n<p>&#8211; Lan\u00e7amento de material granulado &#8211; Estrada Chap\u00e9u Duvas \u00e0 COl\u00f4nia S\u00e3o Firmino<\/p>\n<p>&#8211; Lan\u00e7amento de material granulado &#8211; Ruas do bairro Distrito II<\/p>\n<p>&nbsp;<\/p>\n<p><strong>Novas interven\u00e7\u00f5es:<\/strong><\/p>\n<p>&nbsp;<\/p>\n<p>&#8211; Corre\u00e7\u00e3o de eros\u00e3o &#8211; Rua Ibitiguaia &#8211; Santa Luzia<\/p>\n<p>&#8211; Corre\u00e7\u00e3o de eros\u00e3o &#8211; Rua Luiz F\u00e1vero &#8211; Bom Jardim<\/p>\n<p>&#8211; Desobstru\u00e7\u00e3o de rede de drenagem &#8211; Rua Jo\u00e3o Saada &#8211; Santa Cruz<\/p>\n<p>&#8211; Limpeza de PV Pluvial &#8211; Rua Jo\u00e3o Saada &#8211; Santa Cruz<\/p>\n<p>&#8211; Limpeza das bocas de lobo &#8211; Rua Bernardo Mascarenhas &#8211; F\u00e1brica<\/p>\n<p>&#8211; Lan\u00e7amento de material granulado &#8211; Estrada principal de \u00f4nibus de Pires &#8211; Monte Verde<\/p>\n<p>&#8211; Retirada de barreiras &#8211; Estrada da serrinha &#8211; Palmital<\/p>\n<p>&#8211; Retirada de barreiras &#8211; Estrada Ponte Coberta &#8211; Palmital<\/p>\n<p>&#8211; Retirada de asfalto danificado pelas chuvas &#8211; Rua Moraes e Castro<\/p>\n<p>&#8211; Limpeza e retirada de entulho no cemit\u00e9rio municipal &#8211; Rua Os\u00f3rio de Almeida &#8211; Po\u00e7o Rico<\/p>\n<p>&nbsp;<\/p>\n<p><strong>Ilumina\u00e7\u00e3o P\u00fablica<\/strong><\/p>\n<p>&nbsp;<\/p>\n<p>O departamento de Ilumina\u00e7\u00e3o P\u00fablica da PJF d\u00e1 continuidade \u00e0s a\u00e7\u00f5es com a previs\u00e3o de trocas de 90 l\u00e2mpadas em todas as regi\u00f5es.<\/p>\n<p>&nbsp;<\/p>\n<p><strong>Granville<\/strong><\/p>\n<p>&nbsp;<\/p>\n<p>Rua Henrique Surerus Sobrinho<\/p>\n<p>Rua J\u00falio Geraldo Loures<\/p>\n<p>Rua Felippe Coury Jabour<\/p>\n<p>Rua It\u00e1lia Cautiero Franco<\/p>\n<p>Rua Maria Jos\u00e9 Leal<\/p>\n<p>&nbsp;<\/p>\n<p><strong>Itatiaia<\/strong><\/p>\n<p>&nbsp;<\/p>\n<p>Rua Professor Jos\u00e9 Ribeiro<\/p>\n<p><strong>Cruzeiro de Santo Ant\u00f4nio<\/strong><\/p>\n<p>&nbsp;<\/p>\n<p>Alameda Santo Ant\u00f4nio<\/p>\n<p>&nbsp;<\/p>\n<p><strong>Granjas Bet\u00e2nia<\/strong><\/p>\n<p>&nbsp;<\/p>\n<p>Rua S\u00e3o Crist\u00f3v\u00e3o<\/p>\n<p>Rua Joaquim Borges Pereira<\/p>\n<p>Rua Nestor Mageste Netto<\/p>\n<p>Avenida Juiz De Fora<\/p>\n<p>Rua Joaquim Borges Pereira<\/p>\n<p>&nbsp;<\/p>\n<p><strong>Adolfo Vireque<\/strong><\/p>\n<p>&nbsp;<\/p>\n<p>Rua Artes\u00e3o Ant\u00f4nio De Oliveira<\/p>\n<p>Rua Jos\u00e9 Louren\u00e7o<\/p>\n<p>Rua Doutor Ricardo Fortini Filho<\/p>\n<p>&nbsp;<\/p>\n<p><strong>Aeroporto<\/strong><\/p>\n<p>&nbsp;<\/p>\n<p>Rua Leonildo Gon\u00e7alves Regado<\/p>\n<p>Rua Jos\u00e9 Pedro Weiss<\/p>\n<p>Rua Jos\u00e9 Loures Valle<\/p>\n<p>Rua M\u00e1rio Cruz Meyer<\/p>\n<p>&nbsp;<\/p>\n<p><strong>Alto dos Pinheiros<\/strong><\/p>\n<p>&nbsp;<\/p>\n<p>Rua C\u00e1rmen Laval Coelho<\/p>\n<p>Rua Jo\u00e3o Weiss<\/p>\n<p>&nbsp;<\/p>\n<p><strong>Vila Ideal<\/strong><\/p>\n<p>&nbsp;<\/p>\n<p>Rua Amadeu Guimar\u00e3es<\/p>\n<p>Rua Alexandre Joaquim De Siqueira<\/p>\n<p>Avenida Ant\u00f4nio Miranda<\/p>\n<p>Rua Tenente Coronel Torres<\/p>\n<p>Rua Oleg\u00e1rio Pinto<\/p>\n<p>Rua Jo\u00e3o Luiz Alves<\/p>\n<p>Rua Ant\u00f4nio Miranda<\/p>\n<p>&nbsp;<\/p>\n<p><strong>Bosque do Imperador<\/strong><\/p>\n<p>&nbsp;<\/p>\n<p>Rua Mario Crispim<\/p>\n<p>&nbsp;<\/p>\n<p><strong>Floresta<\/strong><\/p>\n<p>&nbsp;<\/p>\n<p>Avenida Paulista<\/p>\n<p>Rua Afonso Henrique Botti<\/p>\n<p>&nbsp;<\/p>\n<p><strong>Santo Ant\u00f4nio<\/strong><\/p>\n<p>&nbsp;<\/p>\n<p>Rua Manoel Ribeiro De Almeida<\/p>\n<p>Rua Augusto Viriato Campos<\/p>\n<p>Rua Primeira Vitoria<\/p>\n<p>Rua Francisco Rodrigues Silva<\/p>\n<p>Rua Alexandre Da Ressurrei\u00e7\u00e3o<\/p>\n<p>&nbsp;<\/p>\n<p><strong>Chal\u00e9s do Imperador<\/strong><\/p>\n<p>&nbsp;<\/p>\n<p>Rua Doutor Gilson Salom\u00e3o<\/p>\n<p>Rua Jos\u00e9 Alvarenga Massote<\/p>\n<p>&nbsp;<\/p>\n<p><strong>Cerro Azul<\/strong><\/p>\n<p>&nbsp;<\/p>\n<p>Rua Flourival Cherem Cruzeiro<\/p>\n<p>&nbsp;<\/p>\n<p><strong>Jardim Esperan\u00e7a<\/strong><\/p>\n<p>&nbsp;<\/p>\n<p>Rua Engenheiro Elias Abrahao Hallack<\/p>\n<p>Rua Henrique Pimenta Braziel<\/p>\n<p>Rua Alberto Guedes<\/p>\n<p>Rua Sebasti\u00e3o Jos\u00e9 Roque<\/p>\n<p>&nbsp;<\/p>\n<p><strong>Barreira do Triunfo<\/strong><\/p>\n<p>&nbsp;<\/p>\n<p>Rua Pedro Paulo Pereira<\/p>\n<p>Estrada Elias Jos\u00e9 Mockdeci<\/p>\n<p>Avenida Presidente Juscelino Kubitschek<\/p>\n<p>&nbsp;<\/p>\n<p><strong>Parque Guarani<\/strong><\/p>\n<p>&nbsp;<\/p>\n<p>Rua Miguel Gustavo<\/p>\n<p>Rua Doutor Osmar Leit\u00e3o<\/p>\n<p>Rua Major Vicente Moura<\/p>\n<p>&nbsp;<\/p>\n<p><strong>N\u00e1utico<\/strong><\/p>\n<p>&nbsp;<\/p>\n<p>Rua Paulo Braga<\/p>\n<p>&nbsp;<\/p>\n<p><strong>Borboleta<\/strong><\/p>\n<p>&nbsp;<\/p>\n<p>Rua Tenente Paulo Maria Delage<\/p>\n<p>&nbsp;<\/p>\n<p><strong>Maril\u00e2ndia<\/strong><\/p>\n<p>&nbsp;<\/p>\n<p>Rua Das Turmalinas<\/p>\n<p>Rua Afonso Henrique Botti<\/p>\n<p>&nbsp;<\/p>\n<p><strong>Paula Lima<\/strong><\/p>\n<p>&nbsp;<\/p>\n<p>Rua Sebasti\u00e3o Ribeiro De Novaes<\/p>\n<p>Rua Padre Nelson Dutra<\/p>\n<p>Estrada Jfa 305 Ou Rua Vicente G\u00e1vio<\/p>\n<p>&nbsp;<\/p>\n<p><strong>Parque Independ\u00eancia<\/strong><\/p>\n<p>&nbsp;<\/p>\n<p>Estrada Jovelina Maria Franco<\/p>\n<p>&nbsp;<\/p>\n<p><strong>Filgueiras<\/strong><\/p>\n<p>&nbsp;<\/p>\n<p>Rua Jos\u00e9 Pitta De Castro<\/p>\n<p>Rua Jos\u00e9 Alberto Castilho<\/p>\n<p>Rua Ver\u00f4nica Freguglia<\/p>\n<p>Avenida Fl\u00f3rida<\/p>\n<p>&nbsp;<\/p>\n<p><strong>Nossa Senhora de Lourdes<\/strong><\/p>\n<p>&nbsp;<\/p>\n<p>Rua Dulce Palmer<\/p>\n<p>Rua Maria Garcia<\/p>\n<p>&nbsp;<\/p>\n<p><strong>Vila Montanhesa<\/strong><\/p>\n<p>&nbsp;<\/p>\n<p>Rua Jos\u00e9 Batista Mendes<\/p>\n<p>&nbsp;<\/p>\n<p><strong>Terras Altas<\/strong><\/p>\n<p>&nbsp;<\/p>\n<p>Rua Jaimes Ferreira Gomes<\/p>\n<p>&nbsp;<\/p>\n<p><strong>Granjas Triunfo<\/strong><\/p>\n<p>&nbsp;<\/p>\n<p>Rua Ol\u00edmpio Freguglia<\/p>\n<p>&nbsp;<\/p>\n<p><strong>Grama<\/strong><\/p>\n<p>&nbsp;<\/p>\n<p>Rua Diomar Monteiro<\/p>\n<p>&nbsp;<\/p>\n<p><strong>Gabinete de A\u00e7\u00e3o e Di\u00e1logo Comunit\u00e1rio<\/strong><\/p>\n<p>&nbsp;<\/p>\n<p>As a\u00e7\u00f5es da Secretaria de Obras s\u00e3o realizadas atrav\u00e9s do Gabinete de A\u00e7\u00e3o e Di\u00e1logo Comunit\u00e1rio, que recebe demandas de melhorias urbanas pelo n\u00famero (32) 3690-7241, por liga\u00e7\u00e3o ou WhatsApp.<\/p>\n<p>&nbsp;<\/p>\n<p>No\u00a0<a href=\"https:\/\/www.pjf.mg.gov.br\/gabinetecomunitario\/\"><strong>site do gabinete<\/strong><\/a>, est\u00e3o dispon\u00edveis informa\u00e7\u00f5es atualizadas\u00a0 diariamente sobre os servi\u00e7os realizados pelas secretarias de Obras (SO); de Sustentabilidade em Meio Ambiente e Atividades Urbanas (Sesmaur); de Mobilidade Urbana (SMU); e pela\u00a0 Empresa Municipal de Pavimenta\u00e7\u00e3o e Urbaniza\u00e7\u00e3o (Empav); Departamento Municipal de Limpeza Urbana (Demlurb); e Companhia de Saneamento Municipal (Cesama).<\/p>\n","protected":false},"excerpt":{"rendered":"<p>Segundo informa\u00e7\u00f5es do site da Prefeitura de Juiz de Fora (PJF), o Programa Boniteza da Prefeitura de Juiz de Fora (PJF) opera em 131 interven\u00e7\u00f5es nesta sexta-feira, 17. &nbsp; Obras &nbsp; Os Departamentos de Opera\u00e7\u00e3o e Manuten\u00e7\u00e3o em Obras (Domo) e de Estradas Vicinais da Secretaria de Obras t\u00eam previstas 41 a\u00e7\u00f5es. &nbsp; Interven\u00e7\u00f5es em [&hellip;]<\/p>\n","protected":false},"author":246,"featured_media":210537,"comment_status":"closed","ping_status":"closed","sticky":false,"template":"","format":"standard","meta":{"footnotes":""},"categories":[253,436,439],"tags":[],"class_list":["post-210536","post","type-post","status-publish","format-standard","has-post-thumbnail","hentry","category-cidade","category-destaque-da-semana","category-ultima-hora"],"_links":{"self":[{"href":"https:\/\/diarioregionaldigital.com.br\/index.php?rest_route=\/wp\/v2\/posts\/210536","targetHints":{"allow":["GET"]}}],"collection":[{"href":"https:\/\/diarioregionaldigital.com.br\/index.php?rest_route=\/wp\/v2\/posts"}],"about":[{"href":"https:\/\/diarioregionaldigital.com.br\/index.php?rest_route=\/wp\/v2\/types\/post"}],"author":[{"embeddable":true,"href":"https:\/\/diarioregionaldigital.com.br\/index.php?rest_route=\/wp\/v2\/users\/246"}],"replies":[{"embeddable":true,"href":"https:\/\/diarioregionaldigital.com.br\/index.php?rest_route=%2Fwp%2Fv2%2Fcomments&post=210536"}],"version-history":[{"count":1,"href":"https:\/\/diarioregionaldigital.com.br\/index.php?rest_route=\/wp\/v2\/posts\/210536\/revisions"}],"predecessor-version":[{"id":210538,"href":"https:\/\/diarioregionaldigital.com.br\/index.php?rest_route=\/wp\/v2\/posts\/210536\/revisions\/210538"}],"wp:featuredmedia":[{"embeddable":true,"href":"https:\/\/diarioregionaldigital.com.br\/index.php?rest_route=\/wp\/v2\/media\/210537"}],"wp:attachment":[{"href":"https:\/\/diarioregionaldigital.com.br\/index.php?rest_route=%2Fwp%2Fv2%2Fmedia&parent=210536"}],"wp:term":[{"taxonomy":"category","embeddable":true,"href":"https:\/\/diarioregionaldigital.com.br\/index.php?rest_route=%2Fwp%2Fv2%2Fcategories&post=210536"},{"taxonomy":"post_tag","embeddable":true,"href":"https:\/\/diarioregionaldigital.com.br\/index.php?rest_route=%2Fwp%2Fv2%2Ftags&post=210536"}],"curies":[{"name":"wp","href":"https:\/\/api.w.org\/{rel}","templated":true}]}}