{"id":210533,"date":"2023-02-17T18:12:20","date_gmt":"2023-02-17T21:12:20","guid":{"rendered":"https:\/\/diarioregionaldigital.com.br\/?p=210533"},"modified":"2023-02-17T18:12:20","modified_gmt":"2023-02-17T21:12:20","slug":"demlurb-realiza-mutirao-de-limpeza-em-escadoes-durante-o-periodo-de-carnaval","status":"publish","type":"post","link":"https:\/\/diarioregionaldigital.com.br\/?p=210533","title":{"rendered":"Demlurb realiza mutir\u00e3o de limpeza em escad\u00f5es durante o per\u00edodo de carnaval"},"content":{"rendered":"<p>Segundo informa\u00e7\u00f5es do site da Prefeitura de Juiz de Fora (PJF), durante o per\u00edodo de carnaval, o Departamento Municipal de Limpeza Urbana (Demlurb) da Prefeitura de Juiz de Fora (PJF) vai realizar mutir\u00e3o de limpeza em escad\u00f5es. A opera\u00e7\u00e3o vai contemplar todas as regi\u00f5es da cidade, atingindo dez bairros. Dessa forma, a a\u00e7\u00e3o contribui para a melhoria de acessibilidade dos moradores.<\/p>\n<p>O Demlurb mant\u00e9m o funcionamento de todos os servi\u00e7os normalmente no per\u00edodo de carnaval. Apenas na ter\u00e7a-feira, 21, os servi\u00e7os de coleta domiciliar e seletiva e os ecopontos estar\u00e3o com as a\u00e7\u00f5es suspensas. O Departamento refor\u00e7a o pedido de colabora\u00e7\u00e3o da popula\u00e7\u00e3o para que n\u00e3o descarte o lixo fora do dia de coleta. Todos os servi\u00e7os retornam normalmente a partir de quarta-feira, 22.<\/p>\n<p>O Departamento segue de prontid\u00e3o durante todo o carnaval em regime de plant\u00e3o para as poss\u00edveis demandas emergenciais em decorr\u00eancia do per\u00edodo chuvoso.<\/p>\n<p>As solicita\u00e7\u00f5es para servi\u00e7os de zeladoria\u00a0 podem ser feitas pelo Gabinete de A\u00e7\u00e3o e Di\u00e1logo Comunit\u00e1rio, atrav\u00e9s do n\u00famero (32) 3690-7241, por telefone ou WhatsApp.<\/p>\n<p><strong>Confira a lista de limpeza nos escad\u00f5es:<\/strong><\/p>\n<p>&#8211; Rua Tenente Jos\u00e9 Arnaldo De Oliveira, Rua Gabriel Rodrigues, Bairu<\/p>\n<p>&#8211; Rua Gabriel Rodrigues, Santa Cec\u00edlia<\/p>\n<p>&#8211; Rua Jos\u00e9 Ant\u00f4nio Benhame, Progresso<\/p>\n<p>&#8211; Rua Marina Ribeiro De Almeida, Santa Rita De C\u00e1ssia<\/p>\n<p>&#8211; Rua Doutor Jos\u00e9 De Castro Azevedo, Parque\u00a0 Independ\u00eancia<\/p>\n<p>&#8211; Rua Amazonas, Vila Montanhesa<\/p>\n<p>&#8211; Rua Benjamim El\u00eddio De Faria, Vila Montanhesa<\/p>\n<p>&#8211; Rua Bento Gon\u00e7alves, Benfica<\/p>\n<p>&#8211; Rua Tenente Paulo Maria Delage, Borboleta<\/p>\n<p>&#8211; Rua Capit\u00e3o Ant\u00f4nio Carias, Ipiranga<\/p>\n<p>&#8211; Rua Jos\u00e9 Cerqueira, Ipiranga<\/p>\n<p>&#8211; Rua Jo\u00e3o Surerus Junior, Nossa Senhora De Lourdes<\/p>\n<p><strong>Outras informa\u00e7\u00f5es:<\/strong><\/p>\n<p>(32) 3690-3537 &#8211; Departamento Municipal de Limpeza Urbana (Demlurb)<\/p>\n","protected":false},"excerpt":{"rendered":"<p>Segundo informa\u00e7\u00f5es do site da Prefeitura de Juiz de Fora (PJF), durante o per\u00edodo de carnaval, o Departamento Municipal de Limpeza Urbana (Demlurb) da Prefeitura de Juiz de Fora (PJF) vai realizar mutir\u00e3o de limpeza em escad\u00f5es. A opera\u00e7\u00e3o vai contemplar todas as regi\u00f5es da cidade, atingindo dez bairros. Dessa forma, a a\u00e7\u00e3o contribui para [&hellip;]<\/p>\n","protected":false},"author":246,"featured_media":210534,"comment_status":"closed","ping_status":"closed","sticky":false,"template":"","format":"standard","meta":{"footnotes":""},"categories":[253,436,439],"tags":[],"class_list":["post-210533","post","type-post","status-publish","format-standard","has-post-thumbnail","hentry","category-cidade","category-destaque-da-semana","category-ultima-hora"],"_links":{"self":[{"href":"https:\/\/diarioregionaldigital.com.br\/index.php?rest_route=\/wp\/v2\/posts\/210533","targetHints":{"allow":["GET"]}}],"collection":[{"href":"https:\/\/diarioregionaldigital.com.br\/index.php?rest_route=\/wp\/v2\/posts"}],"about":[{"href":"https:\/\/diarioregionaldigital.com.br\/index.php?rest_route=\/wp\/v2\/types\/post"}],"author":[{"embeddable":true,"href":"https:\/\/diarioregionaldigital.com.br\/index.php?rest_route=\/wp\/v2\/users\/246"}],"replies":[{"embeddable":true,"href":"https:\/\/diarioregionaldigital.com.br\/index.php?rest_route=%2Fwp%2Fv2%2Fcomments&post=210533"}],"version-history":[{"count":1,"href":"https:\/\/diarioregionaldigital.com.br\/index.php?rest_route=\/wp\/v2\/posts\/210533\/revisions"}],"predecessor-version":[{"id":210535,"href":"https:\/\/diarioregionaldigital.com.br\/index.php?rest_route=\/wp\/v2\/posts\/210533\/revisions\/210535"}],"wp:featuredmedia":[{"embeddable":true,"href":"https:\/\/diarioregionaldigital.com.br\/index.php?rest_route=\/wp\/v2\/media\/210534"}],"wp:attachment":[{"href":"https:\/\/diarioregionaldigital.com.br\/index.php?rest_route=%2Fwp%2Fv2%2Fmedia&parent=210533"}],"wp:term":[{"taxonomy":"category","embeddable":true,"href":"https:\/\/diarioregionaldigital.com.br\/index.php?rest_route=%2Fwp%2Fv2%2Fcategories&post=210533"},{"taxonomy":"post_tag","embeddable":true,"href":"https:\/\/diarioregionaldigital.com.br\/index.php?rest_route=%2Fwp%2Fv2%2Ftags&post=210533"}],"curies":[{"name":"wp","href":"https:\/\/api.w.org\/{rel}","templated":true}]}}