{"id":210530,"date":"2023-02-17T18:10:51","date_gmt":"2023-02-17T21:10:51","guid":{"rendered":"https:\/\/diarioregionaldigital.com.br\/?p=210530"},"modified":"2023-02-17T18:10:51","modified_gmt":"2023-02-17T21:10:51","slug":"prefeita-homenageia-ze-kodak-com-estatua-inaugurada-no-largo-do-riachuelo","status":"publish","type":"post","link":"https:\/\/diarioregionaldigital.com.br\/?p=210530","title":{"rendered":"Prefeita homenageia Z\u00e9 Kodak com est\u00e1tua inaugurada no Largo do Riachuelo"},"content":{"rendered":"<p>Segundo informa\u00e7\u00f5es do site da Prefeitura de Juiz de Fora (PJF), um dos mais ilustres integrantes do carnaval de Juiz de Fora, o carnavalesco Jos\u00e9 Carlos Passos, o Z\u00e9 Kodak, foi homenageado com uma escultura pela Prefeitura de Juiz de Fora (PJF) na manh\u00e3 desta sexta-feira, 17, no Largo do Riachuelo, ponto de concentra\u00e7\u00e3o da Banda Daki. A celebra\u00e7\u00e3o foi presidida pela prefeita, Margarida Salom\u00e3o, e contou com a presen\u00e7a do presidente da C\u00e2mara Municipal de Juiz de Fora, vereador Z\u00e9 M\u00e1rcio Garotinho, da diretora-geral da Funalfa, Giane Elisa Sales de Almeida, al\u00e9m dos vereadores Vagner de Oliveira e Maur\u00edcio Delgado.<\/p>\n<div id=\"box_texto_noticia\">\n<p>A prefeita Margarida Salom\u00e3o exaltou a import\u00e2ncia de Z\u00e9 Kodak para o carnaval da cidade. \u201cDaqui por diante, nesta pracinha aqui, onde nasceu o bloco, teremos a presen\u00e7a eterna do Z\u00e9. A maior homenagem que pod\u00edamos fazer pelo Z\u00e9 Kodak, al\u00e9m, claro, desta manifesta\u00e7\u00e3o p\u00fablica e visual, \u00e9 fazer voltar o carnaval, e \u00e9 isso que estamos fazendo este ano. Carnaval para todo mundo em Juiz de Fora. Um carnaval na cidade inteira\u201d.<\/p>\n<p>O presidente da C\u00e2mara Municipal de Juiz de Fora, o vereador Z\u00e9 M\u00e1rcio Garotinho, apontou o local da homenagem como importante para o processo de retomada do carnaval e a continuidade da Banda Daki na maior festa popular na cidade. \u201cSempre que a gente podia, h\u00e1 20, 25 anos, desc\u00edamos a p\u00e9 do bairro Bairu: eu, a turma toda, de colan, fantasiado, e a nossa festa era a Banda Daki. Ent\u00e3o, a melhor homenagem hoje que poder\u00edamos fazer para o Z\u00e9 \u00e9 continuar a frequentar o grupo e realizar a abertura do carnaval sempre aqui, no Largo do Riachuelo\u201d.<\/p>\n<p>A diretora-geral da Funalfa, Giane Elisa Sales de Almeida, reafirma a presen\u00e7a do carnavalesco, relembrando a sua passagem no Pa\u00e7o Municipal. \u201cA gente costuma, quando gostamos muito de uma pessoa,\u00a0quando se tem uma hist\u00f3ria, a gente falar \u2018Z\u00e9 Kodak, presente\u2019. Assim, ele est\u00e1 sempre presente. Uma pessoa como o Z\u00e9, que contribuiu para a vida da cidade, n\u00e3o s\u00f3 do carnaval, n\u00e3o morre nunca. Quando chegamos na Prefeitura, nesta administra\u00e7\u00e3o da Margarida, o Z\u00e9 foi l\u00e1 dar boas-vindas para a gente e deixou um monte de ideias. E algumas delas temos executado e ficamos muito felizes com isso\u201d.<\/p>\n<p>Emocionado, Lu\u00eds Gustavo Passos, sobrinho de Z\u00e9 Kodak, exaltou a figura do tio para o carnaval da cidade. \u201cO Tio Z\u00e9 vivia para o carnaval, vivia para a cidade de Juiz de Fora. Uma das coisas mais importantes para ele era o carnaval. \u00c9 um prazer e agrade\u00e7o imensamente a essa homenagem ao meu tio aqui.\u201d<\/p>\n<\/div>\n<p>&nbsp;<\/p>\n<div id=\"box_compartilhar\" align=\"right\"><\/div>\n","protected":false},"excerpt":{"rendered":"<p>Segundo informa\u00e7\u00f5es do site da Prefeitura de Juiz de Fora (PJF), um dos mais ilustres integrantes do carnaval de Juiz de Fora, o carnavalesco Jos\u00e9 Carlos Passos, o Z\u00e9 Kodak, foi homenageado com uma escultura pela Prefeitura de Juiz de Fora (PJF) na manh\u00e3 desta sexta-feira, 17, no Largo do Riachuelo, ponto de concentra\u00e7\u00e3o da [&hellip;]<\/p>\n","protected":false},"author":246,"featured_media":210531,"comment_status":"closed","ping_status":"closed","sticky":false,"template":"","format":"standard","meta":{"footnotes":""},"categories":[253,436,439],"tags":[],"class_list":["post-210530","post","type-post","status-publish","format-standard","has-post-thumbnail","hentry","category-cidade","category-destaque-da-semana","category-ultima-hora"],"_links":{"self":[{"href":"https:\/\/diarioregionaldigital.com.br\/index.php?rest_route=\/wp\/v2\/posts\/210530","targetHints":{"allow":["GET"]}}],"collection":[{"href":"https:\/\/diarioregionaldigital.com.br\/index.php?rest_route=\/wp\/v2\/posts"}],"about":[{"href":"https:\/\/diarioregionaldigital.com.br\/index.php?rest_route=\/wp\/v2\/types\/post"}],"author":[{"embeddable":true,"href":"https:\/\/diarioregionaldigital.com.br\/index.php?rest_route=\/wp\/v2\/users\/246"}],"replies":[{"embeddable":true,"href":"https:\/\/diarioregionaldigital.com.br\/index.php?rest_route=%2Fwp%2Fv2%2Fcomments&post=210530"}],"version-history":[{"count":1,"href":"https:\/\/diarioregionaldigital.com.br\/index.php?rest_route=\/wp\/v2\/posts\/210530\/revisions"}],"predecessor-version":[{"id":210532,"href":"https:\/\/diarioregionaldigital.com.br\/index.php?rest_route=\/wp\/v2\/posts\/210530\/revisions\/210532"}],"wp:featuredmedia":[{"embeddable":true,"href":"https:\/\/diarioregionaldigital.com.br\/index.php?rest_route=\/wp\/v2\/media\/210531"}],"wp:attachment":[{"href":"https:\/\/diarioregionaldigital.com.br\/index.php?rest_route=%2Fwp%2Fv2%2Fmedia&parent=210530"}],"wp:term":[{"taxonomy":"category","embeddable":true,"href":"https:\/\/diarioregionaldigital.com.br\/index.php?rest_route=%2Fwp%2Fv2%2Fcategories&post=210530"},{"taxonomy":"post_tag","embeddable":true,"href":"https:\/\/diarioregionaldigital.com.br\/index.php?rest_route=%2Fwp%2Fv2%2Ftags&post=210530"}],"curies":[{"name":"wp","href":"https:\/\/api.w.org\/{rel}","templated":true}]}}