{"id":210490,"date":"2023-02-17T17:35:32","date_gmt":"2023-02-17T20:35:32","guid":{"rendered":"https:\/\/diarioregionaldigital.com.br\/?p=210490"},"modified":"2023-02-17T17:35:32","modified_gmt":"2023-02-17T20:35:32","slug":"exportacoes-do-agronegocio-batem-recorde-em-janeiro","status":"publish","type":"post","link":"https:\/\/diarioregionaldigital.com.br\/?p=210490","title":{"rendered":"Exporta\u00e7\u00f5es do agroneg\u00f3cio batem recorde em janeiro"},"content":{"rendered":"<p>Pela primeira vez na hist\u00f3ria, as exporta\u00e7\u00f5es do agroneg\u00f3cio ultrapassaram US$ 10 bilh\u00f5es em meses de janeiro. No m\u00eas passado, o segmento vendeu ao exterior US$ 10,23 bilh\u00f5es, crescimento de 16,5% em rela\u00e7\u00e3o a janeiro de 2022 e o melhor resultado da hist\u00f3ria para o m\u00eas.<img decoding=\"async\" src=\"https:\/\/agenciabrasil.ebc.com.br\/ebc.png?id=1511168&amp;o=node\" \/><img decoding=\"async\" src=\"https:\/\/agenciabrasil.ebc.com.br\/ebc.gif?id=1511168&amp;o=node\" \/><\/p>\n<p>Os n\u00fameros foram divulgados pelo Minist\u00e9rio da Agricultura e Pecu\u00e1ria. Em janeiro, o agroneg\u00f3cio respondeu por 44,4% das exporta\u00e7\u00f5es brasileiras. De acordo com a pasta, o valor recorde decorreu do aumento de 10,5% nos pre\u00e7os de exporta\u00e7\u00e3o e de 5,5% da quantidade embarcada.<\/p>\n<p>As importa\u00e7\u00f5es do agroneg\u00f3cio totalizaram US$ 1,54 bilh\u00e3o em janeiro, alta de 38,3% na compara\u00e7\u00e3o com janeiro de 2022 (US$ 1,12 bilh\u00e3o). O valor compreende apenas alimentos, n\u00e3o insumos utilizados na produ\u00e7\u00e3o agropecu\u00e1ria, como fertilizantes, defensivos, pe\u00e7as e equipamentos.<\/p>\n<h2>Principais destaques<\/h2>\n<p>O maior destaque no recorde de exporta\u00e7\u00f5es foi o milho, cujas vendas para o exterior somaram US$ 1,8 bilh\u00e3o, alta de 166,4%. O volume exportado correspondeu a 6,2 milh\u00f5es de toneladas, recorde para meses de janeiro.<\/p>\n<p>Segundo o Minist\u00e9rio da Agricultura, diversos fatores influenciaram o resultado. A pasta cita o ritmo lento da colheita de soja, que viabilizou a log\u00edstica de transporte para o cereal; a continuidade do conflito na Ucr\u00e2nia, que reduziu a produ\u00e7\u00e3o de um importante fornecedor mundial de milho; e a demanda da China, a partir da autoriza\u00e7\u00e3o para comercializa\u00e7\u00e3o em novembro do ano passado.<\/p>\n<p>As vendas externas de carne (bovina, su\u00edna e de frango) atingiram quase US$ 2 bilh\u00f5es e tamb\u00e9m bateram recorde para meses de janeiro. As exporta\u00e7\u00f5es de frango foram favorecidas pela gripe avi\u00e1ria em outras regi\u00f5es do planeta, o que aumentou a quantidade embarcada pelo Brasil. Al\u00e9m disso, a demanda chinesa por carne continuou alta, influenciada pelas comemora\u00e7\u00f5es do ano-novo lunar no pa\u00eds asi\u00e1tico.<\/p>\n<p>Com alta de 68% em rela\u00e7\u00e3o a janeiro do ano passado, as exporta\u00e7\u00f5es de a\u00e7\u00facar totalizaram US$ 870 milh\u00f5es. Os principais compradores foram Arg\u00e9lia, Nig\u00e9ria, Marrocos, Egito e China.<\/p>\n<h2>Atraso na colheita<\/h2>\n<p>O desempenho da balan\u00e7a comercial do agroneg\u00f3cio poderia ser melhor n\u00e3o fosse a soja. O complexo soja (gr\u00e3os, farelo e \u00f3leo) exportou US$ 1,5 bilh\u00e3o, recuo de 26,6%. Em rela\u00e7\u00e3o aos gr\u00e3os, o volume exportado caiu 66% em rela\u00e7\u00e3o a janeiro do ano passado.<\/p>\n<p>Segundo o Minist\u00e9rio da Agricultura, o volume de chuvas atrasou a colheita nas principais regi\u00f5es produtoras. Mesmo assim, a Companhia Nacional de Abastecimento (Conab) estima produ\u00e7\u00e3o recorde de 152,9 milh\u00f5es de toneladas do gr\u00e3o no levantamento mais recente, divulgado neste m\u00eas.<\/p>\n<p><span style=\"font-weight: 400;\">Fonte: Ag\u00eancia Brasil <\/span><\/p>\n","protected":false},"excerpt":{"rendered":"<p>Pela primeira vez na hist\u00f3ria, as exporta\u00e7\u00f5es do agroneg\u00f3cio ultrapassaram US$ 10 bilh\u00f5es em meses de janeiro. No m\u00eas passado, o segmento vendeu ao exterior US$ 10,23 bilh\u00f5es, crescimento de 16,5% em rela\u00e7\u00e3o a janeiro de 2022 e o melhor resultado da hist\u00f3ria para o m\u00eas. Os n\u00fameros foram divulgados pelo Minist\u00e9rio da Agricultura e [&hellip;]<\/p>\n","protected":false},"author":246,"featured_media":210491,"comment_status":"closed","ping_status":"closed","sticky":false,"template":"","format":"standard","meta":{"footnotes":""},"categories":[436,440,261,439],"tags":[],"class_list":["post-210490","post","type-post","status-publish","format-standard","has-post-thumbnail","hentry","category-destaque-da-semana","category-destaques-do-dia","category-economia","category-ultima-hora"],"_links":{"self":[{"href":"https:\/\/diarioregionaldigital.com.br\/index.php?rest_route=\/wp\/v2\/posts\/210490","targetHints":{"allow":["GET"]}}],"collection":[{"href":"https:\/\/diarioregionaldigital.com.br\/index.php?rest_route=\/wp\/v2\/posts"}],"about":[{"href":"https:\/\/diarioregionaldigital.com.br\/index.php?rest_route=\/wp\/v2\/types\/post"}],"author":[{"embeddable":true,"href":"https:\/\/diarioregionaldigital.com.br\/index.php?rest_route=\/wp\/v2\/users\/246"}],"replies":[{"embeddable":true,"href":"https:\/\/diarioregionaldigital.com.br\/index.php?rest_route=%2Fwp%2Fv2%2Fcomments&post=210490"}],"version-history":[{"count":1,"href":"https:\/\/diarioregionaldigital.com.br\/index.php?rest_route=\/wp\/v2\/posts\/210490\/revisions"}],"predecessor-version":[{"id":210492,"href":"https:\/\/diarioregionaldigital.com.br\/index.php?rest_route=\/wp\/v2\/posts\/210490\/revisions\/210492"}],"wp:featuredmedia":[{"embeddable":true,"href":"https:\/\/diarioregionaldigital.com.br\/index.php?rest_route=\/wp\/v2\/media\/210491"}],"wp:attachment":[{"href":"https:\/\/diarioregionaldigital.com.br\/index.php?rest_route=%2Fwp%2Fv2%2Fmedia&parent=210490"}],"wp:term":[{"taxonomy":"category","embeddable":true,"href":"https:\/\/diarioregionaldigital.com.br\/index.php?rest_route=%2Fwp%2Fv2%2Fcategories&post=210490"},{"taxonomy":"post_tag","embeddable":true,"href":"https:\/\/diarioregionaldigital.com.br\/index.php?rest_route=%2Fwp%2Fv2%2Ftags&post=210490"}],"curies":[{"name":"wp","href":"https:\/\/api.w.org\/{rel}","templated":true}]}}