{"id":210483,"date":"2023-02-17T02:37:28","date_gmt":"2023-02-17T05:37:28","guid":{"rendered":"https:\/\/diarioregionaldigital.com.br\/?p=210483"},"modified":"2023-02-17T02:37:28","modified_gmt":"2023-02-17T05:37:28","slug":"prefeitura-municipal-de-descoberto-extrato-de-contrato-17-02-2023","status":"publish","type":"post","link":"https:\/\/diarioregionaldigital.com.br\/?p=210483","title":{"rendered":"Prefeitura Municipal de Descoberto &#8211; Extrato de Contrato &#8211; 17\/02\/2023"},"content":{"rendered":"<p style=\"text-align: center;\"><strong>EXTRATO DE CONTRATO<\/strong><\/p>\n<p style=\"text-align: center;\">Pref. Municipal de Descoberto x Carlos Eduardo de Oliveira 037065954621 \u00a0&#8211; \u00a0Fundamento: Contrata\u00e7\u00e3o de empresa para fornecimento de sonoriza\u00e7\u00e3o para atendimento das demandas da Prefeitura \u00a0&#8211; Preg\u00e3o \u00a0n\u00ba 005\/2023 \u2013 Valor Global: 285.940,00 \u2013 Vig\u00eancia: 12 meses \u2013 Dot or\u00e7: 02.02006.15.122.0002.201-339039\/150- 02.02002.04.122.0002.217-339039\/150- 02.02008.08.244.0011.231-339039\/150- 02.02004.12.122.0002.232-339039\/150- 02.02009.18.541.541.0013.241-339039\/150- 02.02004.12.361.0003.254-339039\/150- 02.02004.12.365.0003.259-339039\/150- 02.02015.27.812.0016.272-339039\/150- 02.02016.13.391.0015.275-339039\/150- 02.02016.13.392.0015.278-339039\/150- \u00a0Ass: 16\/02\/2023- Foro: S\u00e3o Jo\u00e3o Nepomuceno\/MG.<\/p>\n<p style=\"text-align: center;\"><strong>Marcos de Ara\u00fajo Lima<\/strong><\/p>\n<p style=\"text-align: center;\"><strong>Prefeito Municipal<\/strong><\/p>\n","protected":false},"excerpt":{"rendered":"<p>EXTRATO DE CONTRATO Pref. Municipal de Descoberto x Carlos Eduardo de Oliveira 037065954621 \u00a0&#8211; \u00a0Fundamento: Contrata\u00e7\u00e3o de empresa para fornecimento de sonoriza\u00e7\u00e3o para atendimento das demandas da Prefeitura \u00a0&#8211; Preg\u00e3o \u00a0n\u00ba 005\/2023 \u2013 Valor Global: 285.940,00 \u2013 Vig\u00eancia: 12 meses \u2013 Dot or\u00e7: 02.02006.15.122.0002.201-339039\/150- 02.02002.04.122.0002.217-339039\/150- 02.02008.08.244.0011.231-339039\/150- 02.02004.12.122.0002.232-339039\/150- 02.02009.18.541.541.0013.241-339039\/150- 02.02004.12.361.0003.254-339039\/150- 02.02004.12.365.0003.259-339039\/150- 02.02015.27.812.0016.272-339039\/150- 02.02016.13.391.0015.275-339039\/150- 02.02016.13.392.0015.278-339039\/150- \u00a0Ass: 16\/02\/2023- [&hellip;]<\/p>\n","protected":false},"author":96,"featured_media":0,"comment_status":"closed","ping_status":"closed","sticky":false,"template":"","format":"standard","meta":{"footnotes":""},"categories":[307],"tags":[],"class_list":["post-210483","post","type-post","status-publish","format-standard","hentry","category-editais"],"_links":{"self":[{"href":"https:\/\/diarioregionaldigital.com.br\/index.php?rest_route=\/wp\/v2\/posts\/210483","targetHints":{"allow":["GET"]}}],"collection":[{"href":"https:\/\/diarioregionaldigital.com.br\/index.php?rest_route=\/wp\/v2\/posts"}],"about":[{"href":"https:\/\/diarioregionaldigital.com.br\/index.php?rest_route=\/wp\/v2\/types\/post"}],"author":[{"embeddable":true,"href":"https:\/\/diarioregionaldigital.com.br\/index.php?rest_route=\/wp\/v2\/users\/96"}],"replies":[{"embeddable":true,"href":"https:\/\/diarioregionaldigital.com.br\/index.php?rest_route=%2Fwp%2Fv2%2Fcomments&post=210483"}],"version-history":[{"count":1,"href":"https:\/\/diarioregionaldigital.com.br\/index.php?rest_route=\/wp\/v2\/posts\/210483\/revisions"}],"predecessor-version":[{"id":210484,"href":"https:\/\/diarioregionaldigital.com.br\/index.php?rest_route=\/wp\/v2\/posts\/210483\/revisions\/210484"}],"wp:attachment":[{"href":"https:\/\/diarioregionaldigital.com.br\/index.php?rest_route=%2Fwp%2Fv2%2Fmedia&parent=210483"}],"wp:term":[{"taxonomy":"category","embeddable":true,"href":"https:\/\/diarioregionaldigital.com.br\/index.php?rest_route=%2Fwp%2Fv2%2Fcategories&post=210483"},{"taxonomy":"post_tag","embeddable":true,"href":"https:\/\/diarioregionaldigital.com.br\/index.php?rest_route=%2Fwp%2Fv2%2Ftags&post=210483"}],"curies":[{"name":"wp","href":"https:\/\/api.w.org\/{rel}","templated":true}]}}