{"id":210481,"date":"2023-02-17T02:12:49","date_gmt":"2023-02-17T05:12:49","guid":{"rendered":"https:\/\/diarioregionaldigital.com.br\/?p=210481"},"modified":"2023-02-17T02:12:49","modified_gmt":"2023-02-17T05:12:49","slug":"o-trabalho-dignifica","status":"publish","type":"post","link":"https:\/\/diarioregionaldigital.com.br\/?p=210481","title":{"rendered":"O trabalho dignifica"},"content":{"rendered":"<p>Ao ler atentamente as Cartas de Paulo \u00e0s primeiras igrejas que se espalhavam pela por\u00e7\u00e3o oeste do Imp\u00e9rio Romano, percebemos que cada qual enfrentava determinados dilemas que eram singulares, pr\u00f3prios de cada qual.<\/p>\n<p>Na Igreja de Tessal\u00f4nica, por exemplo, verificamos que o ap\u00f3stolo estava preocupado com o \u00f3cio de alguns membros. Por algum motivo, naquela igreja havia pessoas que n\u00e3o gostavam de trabalhar.<\/p>\n<p>Para combater esse v\u00edcio, Paulo lega algumas instru\u00e7\u00f5es que, sendo inspiradas pelo Esp\u00edrito Santo, valem tamb\u00e9m para qualquer pessoa que tenha esse mesmo tipo de resist\u00eancia ou des\u00e2nimo para laborar.<\/p>\n<p>Primeiro ele chama a aten\u00e7\u00e3o para o seu exemplo. Quando esteve na cidade de Tessal\u00f4nica, o ap\u00f3stolo n\u00e3o ficou \u00e0s custas dos outros e, al\u00e9m de cumprir o prop\u00f3sito que o levou ali, que era pregar, tamb\u00e9m seguia uma jornada de trabalho habitual:<\/p>\n<p>\u201cIrm\u00e3os, em nome do nosso Senhor Jesus Cristo n\u00f3s lhes ordenamos que se afastem de todo irm\u00e3o que vive ociosamente e n\u00e3o conforme a tradi\u00e7\u00e3o que receberam de n\u00f3s. Pois voc\u00eas mesmos sabem como devem seguir o nosso exemplo, porque n\u00e3o vivemos ociosamente quando estivemos entre voc\u00eas, nem comemos coisa alguma \u00e0 custa de ningu\u00e9m. Pelo contr\u00e1rio, trabalhamos arduamente e com fadiga, dia e noite, para n\u00e3o sermos pesados a nenhum de voc\u00eas, n\u00e3o por que n\u00e3o tiv\u00e9ssemos tal direito, mas para que nos torn\u00e1ssemos um modelo para ser imitado por voc\u00eas\u201d (2 Tessalonicenses 3: 6-9)<\/p>\n<p>Da mesma maneira que Paulo, tamb\u00e9m devemos dar o mesmo exemplo para as outras pessoas:<\/p>\n<p>\u201cIrm\u00e3os, certamente voc\u00eas se lembram do nosso trabalho esgotante e da nossa fadiga; trabalhamos noite e dia para n\u00e3o sermos pesados a ningu\u00e9m, enquanto lhes preg\u00e1vamos o evangelho de Deus\u201d (1 Tessalonicenses 2: 9).<\/p>\n<p>O trabalho dignifica o indiv\u00edduo, pois o torna materialmente independente. Dignifica n\u00e3o apenas para si mesmo, sendo tamb\u00e9m um bom testemunho para as demais pessoas: \u201ca fim de que andem decentemente aos olhos dos que s\u00e3o de fora e n\u00e3o dependam de ningu\u00e9m\u201d (1 Tessalonicenses 4: 12)<\/p>\n<p>A vida material\u00a0 tranquila requer antes que se imprima um certo esfor\u00e7o e cada qual deve cuidar dos pr\u00f3prios neg\u00f3cios, sem ficar prestando aten\u00e7\u00e3o nos alheios: \u201cEsforcem-se para ter uma vida tranq\u00fcila, cuidar dos seus pr\u00f3prios neg\u00f3cios e trabalhar com as pr\u00f3prias m\u00e3os, como n\u00f3s os instru\u00edmos\u201d (1 Tessalonicenses 4: 11).<\/p>\n<p>Pois o \u00f3cio deixa o tempo livre para a pr\u00e1tica de atos reprov\u00e1veis: \u201cPois ouvimos que alguns de voc\u00eas est\u00e3o ociosos; n\u00e3o trabalham, mas andam se intrometendo na vida alheia\u201d (2 Tessalonicenses 3: 11).<\/p>\n<p>Quem n\u00e3o \u00e9 ocioso, advirta quem \u00e9, para que saiba que a vida \u00fatil tamb\u00e9m \u00e9 parte do plano de Deus para cada um: \u201cExortamos voc\u00eas, irm\u00e3os, a que advirtam os ociosos\u201d (1 Tessalonicenses 5: 14a).<\/p>\n<p>E que tal pessoa seja reabilitada no trabalho honesto e frutificante: \u201cA tais pessoas ordenamos e exortamos no Senhor Jesus Cristo que trabalhem tranq\u00fcilamente e comam o seu pr\u00f3prio p\u00e3o\u201d (2 Tessalonicenses 3: 12).<\/p>\n<p>Porzm, quem insistir em viver ociosamente, acabar\u00e1 sofrendo em si mesma as consequ\u00eancias de sua escolha: \u201cQuando ainda est\u00e1vamos com voc\u00eas, n\u00f3s lhes ordenamos isto: se algu\u00e9m n\u00e3o quiser trabalhar, tamb\u00e9m n\u00e3o coma\u201d (2 Tessalonicenses 3: 10).<\/p>\n","protected":false},"excerpt":{"rendered":"<p>Ao ler atentamente as Cartas de Paulo \u00e0s primeiras igrejas que se espalhavam pela por\u00e7\u00e3o oeste do Imp\u00e9rio Romano, percebemos que cada qual enfrentava determinados dilemas que eram singulares, pr\u00f3prios de cada qual. Na Igreja de Tessal\u00f4nica, por exemplo, verificamos que o ap\u00f3stolo estava preocupado com o \u00f3cio de alguns membros. Por algum motivo, naquela [&hellip;]<\/p>\n","protected":false},"author":96,"featured_media":0,"comment_status":"closed","ping_status":"closed","sticky":false,"template":"","format":"standard","meta":{"footnotes":""},"categories":[1244],"tags":[],"class_list":["post-210481","post","type-post","status-publish","format-standard","hentry","category-oleg-abramov"],"_links":{"self":[{"href":"https:\/\/diarioregionaldigital.com.br\/index.php?rest_route=\/wp\/v2\/posts\/210481","targetHints":{"allow":["GET"]}}],"collection":[{"href":"https:\/\/diarioregionaldigital.com.br\/index.php?rest_route=\/wp\/v2\/posts"}],"about":[{"href":"https:\/\/diarioregionaldigital.com.br\/index.php?rest_route=\/wp\/v2\/types\/post"}],"author":[{"embeddable":true,"href":"https:\/\/diarioregionaldigital.com.br\/index.php?rest_route=\/wp\/v2\/users\/96"}],"replies":[{"embeddable":true,"href":"https:\/\/diarioregionaldigital.com.br\/index.php?rest_route=%2Fwp%2Fv2%2Fcomments&post=210481"}],"version-history":[{"count":1,"href":"https:\/\/diarioregionaldigital.com.br\/index.php?rest_route=\/wp\/v2\/posts\/210481\/revisions"}],"predecessor-version":[{"id":210482,"href":"https:\/\/diarioregionaldigital.com.br\/index.php?rest_route=\/wp\/v2\/posts\/210481\/revisions\/210482"}],"wp:attachment":[{"href":"https:\/\/diarioregionaldigital.com.br\/index.php?rest_route=%2Fwp%2Fv2%2Fmedia&parent=210481"}],"wp:term":[{"taxonomy":"category","embeddable":true,"href":"https:\/\/diarioregionaldigital.com.br\/index.php?rest_route=%2Fwp%2Fv2%2Fcategories&post=210481"},{"taxonomy":"post_tag","embeddable":true,"href":"https:\/\/diarioregionaldigital.com.br\/index.php?rest_route=%2Fwp%2Fv2%2Ftags&post=210481"}],"curies":[{"name":"wp","href":"https:\/\/api.w.org\/{rel}","templated":true}]}}