{"id":210475,"date":"2023-02-16T19:00:56","date_gmt":"2023-02-16T22:00:56","guid":{"rendered":"https:\/\/diarioregionaldigital.com.br\/?p=210475"},"modified":"2023-02-16T19:00:56","modified_gmt":"2023-02-16T22:00:56","slug":"baile-do-cambara-e-alexandre-pereira-agitam-a-passarela-do-samba-no-sabado-18","status":"publish","type":"post","link":"https:\/\/diarioregionaldigital.com.br\/?p=210475","title":{"rendered":"Baile do Cambar\u00e1 e Alexandre Pereira agitam a Passarela do Samba no s\u00e1bado, 18"},"content":{"rendered":"<p>Segundo informa\u00e7\u00f5es do site da Prefeitura de Juiz de Fora (PJF), como parte do Circuito da Folia, promovido pela Prefeitura de Juiz de Fora (PJF), a Passarela do Samba, instalada na Avenida Brasil, na altura do bairro Ladeira, recebe dois shows gratuitos e livres para todos os p\u00fablicos neste s\u00e1bado, 18. O cantor Alexandre Pereira abre a noite com um repert\u00f3rio cuidadosamente escolhido, que re\u00fane cl\u00e1ssicos do samba, desde Z\u00e9 Keti, Cartola e Noel Rosa, at\u00e9 os contempor\u00e2neos Zeca Pagodinho, Jorge Arag\u00e3o e Toninho Geraes. Alexandre afirma que o show, intitulado \u201cSamba do Galo\u201d, \u00e9 uma esp\u00e9cie de playlist pessoal. \u201cDivido com o p\u00fablico meus sambas favoritos\u201d.<\/p>\n<p>A partir das 20h, quem assume o comando da festa \u00e9 a banda Cambar\u00e1, apresentando o Baile do Cambar\u00e1. O grupo, criado em\u00a0mar\u00e7o de 2020,\u00a0recebe o p\u00fablico com um repert\u00f3rio diversificado, incluindo forr\u00f3, samba de gafieira e MPB.<br \/>\n<strong>18\/02 \u2013 S\u00e1bado<\/strong><\/p>\n<p>* Alexandre Pereira | Das 18h \u00e0s 20h<br \/>\n* Baile do Cambar\u00e1 &#8211; Das 20h \u00e0s 22h<\/p>\n<p>A programa\u00e7\u00e3o completa do Carnaval 2023 \u2013 agenda de blocos, desfiles competitivos das escolas de samba, Circuito da Folia e Circuito FoFo (fora da folia) \u2013 pode ser conferida no portal da Prefeitura de Juiz de Fora e nas redes sociais da Funda\u00e7\u00e3o Cultural Alfredo Ferreira Lage (Funalfa): @funalfacultura.<\/p>\n","protected":false},"excerpt":{"rendered":"<p>Segundo informa\u00e7\u00f5es do site da Prefeitura de Juiz de Fora (PJF), como parte do Circuito da Folia, promovido pela Prefeitura de Juiz de Fora (PJF), a Passarela do Samba, instalada na Avenida Brasil, na altura do bairro Ladeira, recebe dois shows gratuitos e livres para todos os p\u00fablicos neste s\u00e1bado, 18. O cantor Alexandre Pereira [&hellip;]<\/p>\n","protected":false},"author":246,"featured_media":210476,"comment_status":"closed","ping_status":"closed","sticky":false,"template":"","format":"standard","meta":{"footnotes":""},"categories":[253,436,439],"tags":[],"class_list":["post-210475","post","type-post","status-publish","format-standard","has-post-thumbnail","hentry","category-cidade","category-destaque-da-semana","category-ultima-hora"],"_links":{"self":[{"href":"https:\/\/diarioregionaldigital.com.br\/index.php?rest_route=\/wp\/v2\/posts\/210475","targetHints":{"allow":["GET"]}}],"collection":[{"href":"https:\/\/diarioregionaldigital.com.br\/index.php?rest_route=\/wp\/v2\/posts"}],"about":[{"href":"https:\/\/diarioregionaldigital.com.br\/index.php?rest_route=\/wp\/v2\/types\/post"}],"author":[{"embeddable":true,"href":"https:\/\/diarioregionaldigital.com.br\/index.php?rest_route=\/wp\/v2\/users\/246"}],"replies":[{"embeddable":true,"href":"https:\/\/diarioregionaldigital.com.br\/index.php?rest_route=%2Fwp%2Fv2%2Fcomments&post=210475"}],"version-history":[{"count":1,"href":"https:\/\/diarioregionaldigital.com.br\/index.php?rest_route=\/wp\/v2\/posts\/210475\/revisions"}],"predecessor-version":[{"id":210477,"href":"https:\/\/diarioregionaldigital.com.br\/index.php?rest_route=\/wp\/v2\/posts\/210475\/revisions\/210477"}],"wp:featuredmedia":[{"embeddable":true,"href":"https:\/\/diarioregionaldigital.com.br\/index.php?rest_route=\/wp\/v2\/media\/210476"}],"wp:attachment":[{"href":"https:\/\/diarioregionaldigital.com.br\/index.php?rest_route=%2Fwp%2Fv2%2Fmedia&parent=210475"}],"wp:term":[{"taxonomy":"category","embeddable":true,"href":"https:\/\/diarioregionaldigital.com.br\/index.php?rest_route=%2Fwp%2Fv2%2Fcategories&post=210475"},{"taxonomy":"post_tag","embeddable":true,"href":"https:\/\/diarioregionaldigital.com.br\/index.php?rest_route=%2Fwp%2Fv2%2Ftags&post=210475"}],"curies":[{"name":"wp","href":"https:\/\/api.w.org\/{rel}","templated":true}]}}