{"id":210472,"date":"2023-02-16T18:59:35","date_gmt":"2023-02-16T21:59:35","guid":{"rendered":"https:\/\/diarioregionaldigital.com.br\/?p=210472"},"modified":"2023-02-16T18:59:35","modified_gmt":"2023-02-16T21:59:35","slug":"cerca-de-duas-mil-pessoas-participaram-de-mutirao-de-emprego-nesta-quinta-16","status":"publish","type":"post","link":"https:\/\/diarioregionaldigital.com.br\/?p=210472","title":{"rendered":"Cerca de duas mil pessoas participaram de mutir\u00e3o de emprego nesta quinta, 16"},"content":{"rendered":"<p>Segundo informa\u00e7\u00f5es do site da Prefeitura de Juiz de Fora (PJF), cerca de duas mil pessoas passaram pelo Centro Cultural Bernardo Mascarenhas, na Avenida Get\u00falio Vargas, durante a edi\u00e7\u00e3o do projeto \u201cEspa\u00e7o Emprego JF\u201d realizada nesta quinta-feira, 16. Ao todo, quase mil vagas foram disponibilizadas por cinco empresas, inscritas para participarem do evento.<\/p>\n<div id=\"box_texto_noticia\">\n<p>&nbsp;<\/p>\n<p>Um dos primeiros da fila, Marco Aur\u00e9lio, morador do Centro de Juiz de Fora, chegou ao local por volta das duas e meia da manh\u00e3. Ficou sabendo do mutir\u00e3o pela r\u00e1dio e n\u00e3o perdeu a oportunidade. \u201cVim \u00e0 procura de vaga de servi\u00e7os gerais. Estou desempregado h\u00e1 muito tempo e participando do mutir\u00e3o com muita esperan\u00e7a pela primeira vez\u201d.<br \/>\nLogo atr\u00e1s dele, a jovem Yasmin de Brito, moradora no bairro Aracy, chegou \u00e0s tr\u00eas e meia. \u201cJ\u00e1 tem um tempo que eu n\u00e3o trabalho de carteira assinada. Atualmente, trabalho fazendo faxina, mas preciso de um trabalho fixo, uma seguran\u00e7a. Vi que tem vagas para atendente, recepcionista, e tentarei as que eu tenho condi\u00e7\u00f5es de conseguir. Quando soube do mutir\u00e3o, pelo Instagram, pensei &#8216;n\u00e3o vou perder essa oportunidade\u2019. \u00c9 a \u00fanica chance que eu tenho\u201d, conta.<br \/>\nBeatriz Sequeto, do bairro democrata, tamb\u00e9m participa pela primeira vez, indicada por uma amiga. \u201cHoje procuro vagas de caixa, atendente, recepcionista, \u00e1reas que tenho mais experi\u00eancia. J\u00e1 trabalhei e estou h\u00e1 tr\u00eas meses sem trabalhar. Cheguei aqui \u00e0s quatro da manh\u00e3\u201d.<br \/>\nO secret\u00e1rio de Desenvolvimento, Ignacio Delgado, destaca que\u00a0\u201cparte das a\u00e7\u00f5es do programa \u2018Gera\u00e7\u00e3o JF \u2013 Emprego, Renda e Neg\u00f3cios\u2019, o projeto \u2018Espa\u00e7o Emprego JF\u2019 pretende oferecer \u00e0s empresas locais a oportunidade de utilizar espa\u00e7os p\u00fablicos para oferta de postos de trabalho e recebimento de curr\u00edculos. O objetivo do projeto de intermedia\u00e7\u00e3o de m\u00e3o de obra para o mercado de trabalho \u00e9 promover a inser\u00e7\u00e3o de trabalhadores em vagas permanentes, tempor\u00e1rias, de aprendizes ou de est\u00e1gios, al\u00e9m de apoiar empregadores que necessitam contratar trabalhadores\u201d.\u00a0Participaram desta edi\u00e7\u00e3o as empresas Arcol Constru\u00e7\u00f5es Met\u00e1licas, Cercred, Grupo Project, Smart Link Solu\u00e7\u00f5es e Talent Hunter. As contratantes se inscreveram em chamada p\u00fablica, aberta pela Prefeitura de Juiz de Fora (PJF) na \u00faltima semana.<br \/>\nO representante da empresa Smart Link Solu\u00e7\u00f5es, Wilbert Munk, aprovou a iniciativa. \u201cA empresa \u00e9 prestadora de servi\u00e7os para a Cesama em Juiz de Fora, e vamos implementar uma empresa na cidade. Hoje, foram ofertadas 43 vagas, entre elas encarregado, pedreiro, servente, jardineiro, bombeiro hidr\u00e1ulico, eletricista, auxiliar de eletricista&#8230; A a\u00e7\u00e3o me surpreendeu. Tinha uma expectativa de alcan\u00e7ar as vagas, mas superamos o n\u00famero de inscritos. Conseguimos um n\u00famero muito alto de curr\u00edculos e at\u00e9 mesmo de pessoas qualificadas para as vagas. Pretendemos participar das pr\u00f3ximas\u201d, afirma.<\/p>\n<\/div>\n<p>&nbsp;<\/p>\n<div id=\"box_compartilhar\" align=\"right\"><\/div>\n","protected":false},"excerpt":{"rendered":"<p>Segundo informa\u00e7\u00f5es do site da Prefeitura de Juiz de Fora (PJF), cerca de duas mil pessoas passaram pelo Centro Cultural Bernardo Mascarenhas, na Avenida Get\u00falio Vargas, durante a edi\u00e7\u00e3o do projeto \u201cEspa\u00e7o Emprego JF\u201d realizada nesta quinta-feira, 16. Ao todo, quase mil vagas foram disponibilizadas por cinco empresas, inscritas para participarem do evento. &nbsp; Um [&hellip;]<\/p>\n","protected":false},"author":246,"featured_media":210473,"comment_status":"closed","ping_status":"closed","sticky":false,"template":"","format":"standard","meta":{"footnotes":""},"categories":[253,436,439],"tags":[],"class_list":["post-210472","post","type-post","status-publish","format-standard","has-post-thumbnail","hentry","category-cidade","category-destaque-da-semana","category-ultima-hora"],"_links":{"self":[{"href":"https:\/\/diarioregionaldigital.com.br\/index.php?rest_route=\/wp\/v2\/posts\/210472","targetHints":{"allow":["GET"]}}],"collection":[{"href":"https:\/\/diarioregionaldigital.com.br\/index.php?rest_route=\/wp\/v2\/posts"}],"about":[{"href":"https:\/\/diarioregionaldigital.com.br\/index.php?rest_route=\/wp\/v2\/types\/post"}],"author":[{"embeddable":true,"href":"https:\/\/diarioregionaldigital.com.br\/index.php?rest_route=\/wp\/v2\/users\/246"}],"replies":[{"embeddable":true,"href":"https:\/\/diarioregionaldigital.com.br\/index.php?rest_route=%2Fwp%2Fv2%2Fcomments&post=210472"}],"version-history":[{"count":1,"href":"https:\/\/diarioregionaldigital.com.br\/index.php?rest_route=\/wp\/v2\/posts\/210472\/revisions"}],"predecessor-version":[{"id":210474,"href":"https:\/\/diarioregionaldigital.com.br\/index.php?rest_route=\/wp\/v2\/posts\/210472\/revisions\/210474"}],"wp:featuredmedia":[{"embeddable":true,"href":"https:\/\/diarioregionaldigital.com.br\/index.php?rest_route=\/wp\/v2\/media\/210473"}],"wp:attachment":[{"href":"https:\/\/diarioregionaldigital.com.br\/index.php?rest_route=%2Fwp%2Fv2%2Fmedia&parent=210472"}],"wp:term":[{"taxonomy":"category","embeddable":true,"href":"https:\/\/diarioregionaldigital.com.br\/index.php?rest_route=%2Fwp%2Fv2%2Fcategories&post=210472"},{"taxonomy":"post_tag","embeddable":true,"href":"https:\/\/diarioregionaldigital.com.br\/index.php?rest_route=%2Fwp%2Fv2%2Ftags&post=210472"}],"curies":[{"name":"wp","href":"https:\/\/api.w.org\/{rel}","templated":true}]}}