{"id":210469,"date":"2023-02-16T18:57:16","date_gmt":"2023-02-16T21:57:16","guid":{"rendered":"https:\/\/diarioregionaldigital.com.br\/?p=210469"},"modified":"2023-02-16T18:57:16","modified_gmt":"2023-02-16T21:57:16","slug":"cerca-de-36-blocos-levarao-milhares-de-folioes-para-as-ruas-de-juiz-de-fora","status":"publish","type":"post","link":"https:\/\/diarioregionaldigital.com.br\/?p=210469","title":{"rendered":"Cerca de 36 blocos levar\u00e3o milhares de foli\u00f5es para as ruas de Juiz de Fora"},"content":{"rendered":"<p>Segundo informa\u00e7\u00f5es do site da Prefeitura de Juiz de Fora (PJF), milhares de foli\u00f5es tomar\u00e3o as ruas de Juiz de Fora entre o s\u00e1bado de carnaval, 18, e o pr\u00f3ximo dia 25, marcando a reta final da maratona de Momo, iniciada no dia 22 de janeiro. A programa\u00e7\u00e3o inclui op\u00e7\u00f5es no Centro e em 20 bairros, contemplando todos os territ\u00f3rios da cidade.<\/p>\n<p>A Banda Daki abre a agenda de s\u00e1bado, 18, com concentra\u00e7\u00e3o \u00e0s 10h30, no Largo do Riachuelo, onde permanece at\u00e9 16h. A partir desse hor\u00e1rio, no mesmo dia, o Bloco da Benem\u00e9rita inicia sua concentra\u00e7\u00e3o no Parque Halfeld. No domingo, 19, o destaque \u00e9 a Rua de Brincar, projeto da Prefeitura de Juiz de Fora (PJF), que ter\u00e1 sua primeira edi\u00e7\u00e3o de 2023 com o grupo Meleka de Jacar\u00e9. O encontro acontece das 9h \u00e0s 12h, na Avenida Brasil.<\/p>\n<p>Na segunda, 20, desfilam sete blocos, incluindo o\u00a0Vai Quem Quer, no Centro, e o Afox\u00e9 Filhos de Oy\u00e1, na Passarela do Samba, montada na Avenida Brasil, no Ladeira. Ter\u00e7a-feira, 21, \u00e9 dia de Gabi Gabizoca na Pra\u00e7a CEU, na Avenida JK 5.899 \u2013 Benfica, e do Bloco do Boi, no Dom Bosco. O Bloco POP acontece na quarta-feira de Cinzas. O encerramento da programa\u00e7\u00e3o oficial acontece dia 25 de fevereiro, com o Bloco da Seringa.<\/p>\n<p>A programa\u00e7\u00e3o completa do Carnaval 2023, incluindo a agenda dos blocos, os desfiles competitivos das escolas de samba, o Circuito da Folia e o Circuito FoFo (fora da folia) pode ser conferida no Portal da Prefeitura de Juiz de Fora e nas redes sociais da Funda\u00e7\u00e3o Cultural Alfredo Ferreira Lage (Funalfa): @funalfacultura.<\/p>\n<p><strong>Programa\u00e7\u00e3o<\/strong><\/p>\n<p><strong>18\/02 \u2013 S\u00e1bado<\/strong><\/p>\n<p><strong>* Banda Daki\u00a0<\/strong>\u2013 Largo do Riachuelo | Centro | Concentra\u00e7\u00e3o, sem desfile \u2013 Das 10h30 \u00e0s 16h<\/p>\n<p><strong>* Balan\u00e7a mas n\u00e3o Cai\u00a0<\/strong>&#8211; Pra\u00e7a Jo\u00e3o \u00c1lvares de Assis | Jardim Esperan\u00e7a | Das 12h \u00e0s 18h<\/p>\n<p><strong>* Batuquefolia\u00a0<\/strong>\u2013 Rua Barbosa Lima | Centro | das 12h \u00e0s 17h<\/p>\n<p><strong>* E o Puf Puf? Nada?\u00a0<\/strong>\u2013 Rua Deputado Arlindo Leite, altura do n\u00famero 65 | Progresso | Das 14h \u00e0s 18h<\/p>\n<p><strong>* Os Par\u00e7as\u00a0<\/strong>\u2013 Rua Couto e Silva 55 | Mundo Novo | Das 15h \u00e0s 21h<\/p>\n<p><strong>* Bloco da Benem\u00e9rita\u00a0<\/strong>\u2013 Parque Halfeld | Centro | Das 16h \u00e0s 22h<\/p>\n<p><strong>* Bloco da Usina\u00a0<\/strong>\u2013 Pra\u00e7a Jos\u00e9 Anast\u00e1cio de Lima \u2013 Rua Principal | Monte Verde | Das 17h \u00e0s 22h<\/p>\n<p><strong>* Bloco da Escolinha \u2013\u00a0<\/strong>Rua Natal\u00edcio Jos\u00e9 de Paula | JK | Das 17h \u00e0s 23h<\/p>\n<p><strong>* Cerveja, Churrasco e Pagode \u2013\u00a0<\/strong>Rua Silv\u00e9rio da Silveira 177 | Dom Bosco | Das 17h \u00e0s 22h<\/p>\n<p><strong>* Encantos da Vila\u00a0<\/strong>\u2013 Rua Geraldo Gomes Ribeiro, Rua Branca Mascarenhas, esquina com Rua Itatiaia \u2013 D\u00e1 volta no quarteir\u00e3o \u2013 Rua Branca Mascarenhas |Monte Castelo | Das 18h \u00e0s 24h<\/p>\n<p><strong>* Bafo da On\u00e7a\u00a0<\/strong>\u2013 Rua Augusto Alves | Graja\u00fa | Das 20 \u00e0s 23h<\/p>\n<p>&nbsp;<\/p>\n<p><strong>Dia 19\/02 \u2013 Domingo<\/strong><\/p>\n<p><strong>* Rua de Brincar \/ Carnaval\u00a0<\/strong>(infantil) \u2013 Avenida Brasil | Centro | Das 9h \u00e0s 12h<\/p>\n<p><strong>* Ninho do Urubu \u2013\u00a0<\/strong>Rua Duarte de Abreu | Mariano Proc\u00f3pio | Das 12h \u00e0s 18h<\/p>\n<p><strong>* Lixarte \u2013\u00a0<\/strong>Rua da Esperan\u00e7a | Vila Olavo Costa | Das 14h \u00e0s 19h<\/p>\n<p><strong>* Unidos da Zona Sul\u00a0<\/strong>\u2013 Rua Luiz Bas\u00edlio Castor, entre os n\u00fameros 14 e 175 | Santa Luzia | Das 14h \u00e0s 19h<\/p>\n<p><strong>* Carnaval de Marchinhas\u00a0<\/strong>\u2013 Pra\u00e7a Alfredo Lage \u2013 Av. Governador Valadares | Manoel Hon\u00f3rio | Das 14h \u00e0s 20h<\/p>\n<p><strong>* Unidos do Ripi Rapi\u00a0<\/strong>\u2013 Rua Lic\u00ednio Pereira Cortes \u2013 Rua Salvador de Moura Fontes \u2013 Rua Bady Geara \u2013 Av. Darcy Vargas \u2013 Rua Lic\u00ednio Pereira Cortes | Ipiranga | Das 14h \u00e0s 18h<\/p>\n<p><strong>* Seca Copo\u00a0<\/strong>\u2013 Rua Domingos Barbosa Lopes \u2013 Rua Vicente G\u00e1vio \u2013 pra\u00e7a central | Paula Lima | Das 16h \u00e0s 22h<\/p>\n<p><strong>* Bloco do Boi \u2013\u00a0<\/strong>Rua Silv\u00e9rio da Silveira 177 \u2013 Rua Imaculada Concei\u00e7\u00e3o \u2013 Rua Jo\u00e3o Manata \u2013 Rua Vicente Beghelli \u2013 Rua Imaculada Concei\u00e7\u00e3o \u2013 Rua Silv\u00e9rio da Silveira | Dom Bosco | Das 17h \u00e0s 22h<\/p>\n<p><strong>* Bloco da Escolinha \u2013\u00a0<\/strong>Rua Natal\u00edcio Jos\u00e9 de Paula, entre os n\u00fameros 409 e 425 | JK | Das 17h \u00e0s 23h<\/p>\n<p><strong>* Unidos do Bairro Floresta\u00a0<\/strong>\u2013 Alameda Mundo Novo, pr\u00f3ximo ao n\u00famero 190 \u2013 Rua Coronel Assis | Floresta | Das 17h \u00e0s 23h<\/p>\n<p><strong>Dia 20\/02 &#8211; Segunda-feira<\/strong><\/p>\n<p><strong>* Bloco do Tobias \u2013\u00a0<\/strong>Pra\u00e7a principal | Parque das \u00c1guas | Das 14h \u00e0s 20h<\/p>\n<p><strong>* Bloco Vai quem Quer &#8211;\u00a0<\/strong>Parque Halfeld | Rua Halfeld | Pra\u00e7a da Esta\u00e7\u00e3o | Das 16h \u00e0s 22h<\/p>\n<p><strong>* Bloco da Usina\u00a0<\/strong>\u2013 Pra\u00e7a Jos\u00e9 Anast\u00e1cio de Lima \u2013 Rua Principal | Monte Verde | Das 17h \u00e0s 22h<\/p>\n<p><strong>* Gama Folia + Bloco Xicleteiros\u00a0<\/strong>\u2013 Rua Alberto Guedes | Jardim Esperan\u00e7a | Das 17h \u00e0s 23h<\/p>\n<p><strong>* Cerveja, Churrasco e Pagode \u2013\u00a0<\/strong>Rua Silv\u00e9rio da Silveira 177 | Dom Bosco | Das 17h \u00e0s 22h<\/p>\n<p><strong>* Bloco da Escolinha \u2013<\/strong>Rua Natal\u00edcio Jos\u00e9 de Paula, entre os n\u00fameros 409 e 425 | JK | Das 17h \u00e0s 23h<\/p>\n<p><strong>* Afox\u00e9 Filhos de Oy\u00e1<\/strong>\u2013 Passarela do Samba | Ladeira | a partir das 17h<\/p>\n<p>&nbsp;<\/p>\n<p><strong>Dia 21\/02 \u2013 Ter\u00e7a-feira<\/strong><\/p>\n<p><strong>* Bloco da Gabizoca\u00a0<\/strong>\u2013 Pra\u00e7a CEU | Benfica | das 11h \u00e0s 15h<\/p>\n<p><strong>* Unidos da Zona Sul\u00a0<\/strong>\u2013 Rua Luiz Bas\u00edlio Castor, entre os n\u00fameros 14 e 175 | Santa Luzia | Das 14h \u00e0s 19h<\/p>\n<p><strong>* Debochadas da Vila Ideal\u00a0<\/strong>\u2013 Rua Altivo Halfeld \u2013 Rua Delegado Pinto \u2013 Rua Afonso Celso \u2013 Rua Machado de Assis | Vila Ideal | Das 17h \u00e0s 23h<\/p>\n<p><strong>* Lalado \u2013\u00a0<\/strong>Pra\u00e7a Pra\u00e7a Padre Ac\u00e1cio Duarte | Jardim Esperan\u00e7a | Das 16h \u00e0s 21h<\/p>\n<p><strong>* Bloco da J \u2013\u00a0<\/strong>Rua Geraldo Cardoso | Parque das \u00c1guas | Das 16h \u00e0s 22h<\/p>\n<p><strong>* Bloco do Boi \u2013\u00a0<\/strong>Rua Silv\u00e9rio da Silveira 177 \u2013 Rua Imaculada Concei\u00e7\u00e3o \u2013 Rua Jo\u00e3o Manata \u2013 Rua Vicente Beghelli \u2013 Rua Imaculada Concei\u00e7\u00e3o \u2013 Rua Silv\u00e9rio da Silveira | Dom Bosco | Das 17h \u00e0s 22h<\/p>\n<p>&nbsp;<\/p>\n<p><strong>Dia 22\/02 \u2013 Quarta-feira<\/strong><\/p>\n<p><strong>* Bloco POP\u00a0<\/strong>\u2013 Avenida Sete de Setembro, altura do n\u00famero 1.491 at\u00e9 a Pra\u00e7a Te\u00f3filo Otoni | Santos Anjos | Das 13h \u00e0s 18h<\/p>\n<p>&nbsp;<\/p>\n<p><strong>Dia 25\/02 \u2013 S\u00e1bado<\/strong><\/p>\n<p><strong>* Bloco da Seringa\u00a0<\/strong>\u2013 Quadra da Escola de Samba Unidos do Ladeira | Ladeira | Das 17h \u00e0s 23h<\/p>\n","protected":false},"excerpt":{"rendered":"<p>Segundo informa\u00e7\u00f5es do site da Prefeitura de Juiz de Fora (PJF), milhares de foli\u00f5es tomar\u00e3o as ruas de Juiz de Fora entre o s\u00e1bado de carnaval, 18, e o pr\u00f3ximo dia 25, marcando a reta final da maratona de Momo, iniciada no dia 22 de janeiro. A programa\u00e7\u00e3o inclui op\u00e7\u00f5es no Centro e em 20 [&hellip;]<\/p>\n","protected":false},"author":246,"featured_media":210470,"comment_status":"closed","ping_status":"closed","sticky":false,"template":"","format":"standard","meta":{"footnotes":""},"categories":[253,436,440,439],"tags":[],"class_list":["post-210469","post","type-post","status-publish","format-standard","has-post-thumbnail","hentry","category-cidade","category-destaque-da-semana","category-destaques-do-dia","category-ultima-hora"],"_links":{"self":[{"href":"https:\/\/diarioregionaldigital.com.br\/index.php?rest_route=\/wp\/v2\/posts\/210469","targetHints":{"allow":["GET"]}}],"collection":[{"href":"https:\/\/diarioregionaldigital.com.br\/index.php?rest_route=\/wp\/v2\/posts"}],"about":[{"href":"https:\/\/diarioregionaldigital.com.br\/index.php?rest_route=\/wp\/v2\/types\/post"}],"author":[{"embeddable":true,"href":"https:\/\/diarioregionaldigital.com.br\/index.php?rest_route=\/wp\/v2\/users\/246"}],"replies":[{"embeddable":true,"href":"https:\/\/diarioregionaldigital.com.br\/index.php?rest_route=%2Fwp%2Fv2%2Fcomments&post=210469"}],"version-history":[{"count":1,"href":"https:\/\/diarioregionaldigital.com.br\/index.php?rest_route=\/wp\/v2\/posts\/210469\/revisions"}],"predecessor-version":[{"id":210471,"href":"https:\/\/diarioregionaldigital.com.br\/index.php?rest_route=\/wp\/v2\/posts\/210469\/revisions\/210471"}],"wp:featuredmedia":[{"embeddable":true,"href":"https:\/\/diarioregionaldigital.com.br\/index.php?rest_route=\/wp\/v2\/media\/210470"}],"wp:attachment":[{"href":"https:\/\/diarioregionaldigital.com.br\/index.php?rest_route=%2Fwp%2Fv2%2Fmedia&parent=210469"}],"wp:term":[{"taxonomy":"category","embeddable":true,"href":"https:\/\/diarioregionaldigital.com.br\/index.php?rest_route=%2Fwp%2Fv2%2Fcategories&post=210469"},{"taxonomy":"post_tag","embeddable":true,"href":"https:\/\/diarioregionaldigital.com.br\/index.php?rest_route=%2Fwp%2Fv2%2Ftags&post=210469"}],"curies":[{"name":"wp","href":"https:\/\/api.w.org\/{rel}","templated":true}]}}