{"id":210466,"date":"2023-02-16T18:50:23","date_gmt":"2023-02-16T21:50:23","guid":{"rendered":"https:\/\/diarioregionaldigital.com.br\/?p=210466"},"modified":"2023-02-16T18:50:23","modified_gmt":"2023-02-16T21:50:23","slug":"corinthians-e-palmeiras-jogam-mirando-lideranca-da-1a-fase-do-paulista","status":"publish","type":"post","link":"https:\/\/diarioregionaldigital.com.br\/?p=210466","title":{"rendered":"Corinthians e Palmeiras jogam mirando lideran\u00e7a da 1\u00aa fase do Paulista"},"content":{"rendered":"<p>Dois cl\u00e1ssicos regionais agitam o futebol brasileiro nesta quinta-feira (16). A partir das 21h30 (hor\u00e1rio de Bras\u00edlia), Corinthians e Palmeiras protagonizam um Derby em Itaquera que pode ser fundamental para definir quem garantir\u00e1 a lideran\u00e7a geral da primeira fase do Campeonato Paulista. Um pouco mais cedo, a partir das 20h30, Botafogo e Vasco medem for\u00e7as no Maracan\u00e3 em jogo adiado da 3\u00aa rodada do Carioca.<img decoding=\"async\" src=\"https:\/\/agenciabrasil.ebc.com.br\/ebc.png?id=1510818&amp;o=node\" \/><img decoding=\"async\" src=\"https:\/\/agenciabrasil.ebc.com.br\/ebc.gif?id=1510818&amp;o=node\" \/><\/p>\n<h2>Derby em Itaquera<\/h2>\n<p>Em momentos completamente opostos no Paulista, o Tim\u00e3o e o Verd\u00e3o se enfrentam. A equipe da casa vem de dois resultados negativos: derrota de 2 a 0 para o S\u00e3o Bernardo e empate sem gols com a Portuguesa.<\/p>\n<p>Esses trope\u00e7os criaram certa desconfian\u00e7a em torno do trabalho do jovem t\u00e9cnico Fernando L\u00e1zaro. Ap\u00f3s o empate com a Lusa, o treinador deixou claro, em entrevista coletiva, que sabe da import\u00e2ncia de conseguir um bom resultado no cl\u00e1ssico desta quinta: \u201cSabemos da dimens\u00e3o do Derby. \u00c9 outra condi\u00e7\u00e3o em todos esses aspectos de jogo\u201d.<\/p>\n<p>Uma boa not\u00edcia para o treinador \u00e9 o retorno do experiente goleiro C\u00e1ssio, que n\u00e3o enfrentou a Portuguesa no \u00faltimo domingo por causa de uma virose. Recuperado, ele deve ser o titular no gol do Corinthians.<\/p>\n<p>Do outro lado do gramado estar\u00e1 um Palmeiras que j\u00e1 conquistou um t\u00edtulo na temporada (a Supercopa do Brasil, com vit\u00f3ria sobre o Flamengo) e que vem de uma sequ\u00eancia de cinco vit\u00f3rias consecutivas no Paulista.<\/p>\n<p>Se Fernando L\u00e1zaro ainda tenta se firmar no comando do Tim\u00e3o, Abel Ferreira \u00e9 uma realidade no Verd\u00e3o. E o cl\u00e1ssico desta quinta pode ocupar um lugar especial na carreira do t\u00e9cnico. Com 99 vit\u00f3rias no comando do Palmeiras, o portugu\u00eas pode chegar \u00e0 cent\u00e9sima no comando do atual campe\u00e3o brasileiro justamente no Derby. Para que isso seja poss\u00edvel, a expectativa \u00e9 de que o treinador mande a campo o que tem de melhor.<\/p>\n<h2>Cl\u00e1ssico no Maracan\u00e3<\/h2>\n<p>No Campeonato Carioca o dia ser\u00e1 de cl\u00e1ssico entre Botafogo e Vasco. Vice-l\u00edder da Ta\u00e7a Guanabara do Campeonato Carioca com 16 pontos, o Glorioso quer vencer para retomar a primeira posi\u00e7\u00e3o do Flamengo, que bateu o Volta Redonda por 3 a 1 na \u00faltima quarta (15). A equipe de General Severiano vem de duas vit\u00f3rias consecutivas na competi\u00e7\u00e3o.<\/p>\n<p>J\u00e1 o Vasco (que ocupa a 6\u00aa posi\u00e7\u00e3o com 11 pontos) mira o G4 da competi\u00e7\u00e3o, que garante classifica\u00e7\u00e3o para a semifinal. Para isto, o Cruzmaltino ter\u00e1 de se recuperar da derrota de 2 a 0 para o Fluminense, no \u00faltimo domingo.<\/p>\n<p><span style=\"font-weight: 400;\">Fonte: Ag\u00eancia Brasil <\/span><\/p>\n","protected":false},"excerpt":{"rendered":"<p>Dois cl\u00e1ssicos regionais agitam o futebol brasileiro nesta quinta-feira (16). A partir das 21h30 (hor\u00e1rio de Bras\u00edlia), Corinthians e Palmeiras protagonizam um Derby em Itaquera que pode ser fundamental para definir quem garantir\u00e1 a lideran\u00e7a geral da primeira fase do Campeonato Paulista. Um pouco mais cedo, a partir das 20h30, Botafogo e Vasco medem for\u00e7as [&hellip;]<\/p>\n","protected":false},"author":246,"featured_media":210467,"comment_status":"closed","ping_status":"closed","sticky":false,"template":"","format":"standard","meta":{"footnotes":""},"categories":[436,257,439],"tags":[],"class_list":["post-210466","post","type-post","status-publish","format-standard","has-post-thumbnail","hentry","category-destaque-da-semana","category-esporte","category-ultima-hora"],"_links":{"self":[{"href":"https:\/\/diarioregionaldigital.com.br\/index.php?rest_route=\/wp\/v2\/posts\/210466","targetHints":{"allow":["GET"]}}],"collection":[{"href":"https:\/\/diarioregionaldigital.com.br\/index.php?rest_route=\/wp\/v2\/posts"}],"about":[{"href":"https:\/\/diarioregionaldigital.com.br\/index.php?rest_route=\/wp\/v2\/types\/post"}],"author":[{"embeddable":true,"href":"https:\/\/diarioregionaldigital.com.br\/index.php?rest_route=\/wp\/v2\/users\/246"}],"replies":[{"embeddable":true,"href":"https:\/\/diarioregionaldigital.com.br\/index.php?rest_route=%2Fwp%2Fv2%2Fcomments&post=210466"}],"version-history":[{"count":1,"href":"https:\/\/diarioregionaldigital.com.br\/index.php?rest_route=\/wp\/v2\/posts\/210466\/revisions"}],"predecessor-version":[{"id":210468,"href":"https:\/\/diarioregionaldigital.com.br\/index.php?rest_route=\/wp\/v2\/posts\/210466\/revisions\/210468"}],"wp:featuredmedia":[{"embeddable":true,"href":"https:\/\/diarioregionaldigital.com.br\/index.php?rest_route=\/wp\/v2\/media\/210467"}],"wp:attachment":[{"href":"https:\/\/diarioregionaldigital.com.br\/index.php?rest_route=%2Fwp%2Fv2%2Fmedia&parent=210466"}],"wp:term":[{"taxonomy":"category","embeddable":true,"href":"https:\/\/diarioregionaldigital.com.br\/index.php?rest_route=%2Fwp%2Fv2%2Fcategories&post=210466"},{"taxonomy":"post_tag","embeddable":true,"href":"https:\/\/diarioregionaldigital.com.br\/index.php?rest_route=%2Fwp%2Fv2%2Ftags&post=210466"}],"curies":[{"name":"wp","href":"https:\/\/api.w.org\/{rel}","templated":true}]}}