{"id":210463,"date":"2023-02-16T18:47:41","date_gmt":"2023-02-16T21:47:41","guid":{"rendered":"https:\/\/diarioregionaldigital.com.br\/?p=210463"},"modified":"2023-02-16T18:47:41","modified_gmt":"2023-02-16T21:47:41","slug":"em-noite-de-golacos-sao-paulo-goleia-inter-de-limeira-2","status":"publish","type":"post","link":"https:\/\/diarioregionaldigital.com.br\/?p=210463","title":{"rendered":"Em noite de gola\u00e7os, S\u00e3o Paulo goleia Inter de Limeira"},"content":{"rendered":"<p>O S\u00e3o Paulo n\u00e3o encontrou dificuldades para golear a Inter de Limeira por 5 a 1, na noite desta quarta-feira (15) no est\u00e1dio do Morumbi diante de mais de 16 mil torcedores. O triunfo manteve o Tricolor na ponta da classifica\u00e7\u00e3o do Grupo B do Campeonato Paulista, agora com 17 pontos.<img decoding=\"async\" src=\"https:\/\/agenciabrasil.ebc.com.br\/ebc.png?id=1510878&amp;o=node\" \/><img decoding=\"async\" src=\"https:\/\/agenciabrasil.ebc.com.br\/ebc.gif?id=1510878&amp;o=node\" \/><\/p>\n<p>Diante de um advers\u00e1rio fr\u00e1gil, a equipe comandada por Rog\u00e9rio Ceni abriu o placar logo aos 14 minutos do primeiro tempo, quando Caio Paulista aproveitou bola que sobrou na \u00e1rea ap\u00f3s cobran\u00e7a de escanteio para escorar para o fundo da rede. A Inter ainda ensaiou uma rea\u00e7\u00e3o ao empatar aos 26 com Jo\u00e3o Paulo. Por\u00e9m, a noite era mesmo do S\u00e3o Paulo, que voltou a ficar em vantagem aos 42 minutos com Wellington Rato.<\/p>\n<p>Mas o melhor ficou para a etapa final, na qual o Tricolor ampliou sua vantagem logo aos tr\u00eas minutos com o argentino Galoppo. Aos 28 minutos a equipe Rog\u00e9rio Ceni chegou ao quarto na partida com um gola\u00e7o. Pedrinho, que entrou ap\u00f3s o intervalo, recebeu na direita se livrou da marca\u00e7\u00e3o de Rael com um el\u00e1stico que passou por baixo das pernas do defensor e invadiu a \u00e1rea antes de finalizar com precis\u00e3o.<\/p>\n<p>Por\u00e9m, os presentes no est\u00e1dio do Morumbi ainda tiveram o privil\u00e9gio de testemunharem outra pintura, quando Pablo Maia chutou, de muito longe, para acertar o \u00e2ngulo do gol defendido por L\u00e9o Vieira.<\/p>\n<p>Ap\u00f3s a convincente vit\u00f3ria sobre a Inter de Limeira, o S\u00e3o Paulo volta a entrar em campo pela competi\u00e7\u00e3o na pr\u00f3xima ter\u00e7a (21), quando enfrenta o S\u00e3o Bento.<\/p>\n<p><span style=\"font-weight: 400;\">Fonte: Ag\u00eancia Brasil <\/span><\/p>\n","protected":false},"excerpt":{"rendered":"<p>O S\u00e3o Paulo n\u00e3o encontrou dificuldades para golear a Inter de Limeira por 5 a 1, na noite desta quarta-feira (15) no est\u00e1dio do Morumbi diante de mais de 16 mil torcedores. O triunfo manteve o Tricolor na ponta da classifica\u00e7\u00e3o do Grupo B do Campeonato Paulista, agora com 17 pontos. Diante de um advers\u00e1rio [&hellip;]<\/p>\n","protected":false},"author":246,"featured_media":210464,"comment_status":"closed","ping_status":"closed","sticky":false,"template":"","format":"standard","meta":{"footnotes":""},"categories":[436,257,439],"tags":[],"class_list":["post-210463","post","type-post","status-publish","format-standard","has-post-thumbnail","hentry","category-destaque-da-semana","category-esporte","category-ultima-hora"],"_links":{"self":[{"href":"https:\/\/diarioregionaldigital.com.br\/index.php?rest_route=\/wp\/v2\/posts\/210463","targetHints":{"allow":["GET"]}}],"collection":[{"href":"https:\/\/diarioregionaldigital.com.br\/index.php?rest_route=\/wp\/v2\/posts"}],"about":[{"href":"https:\/\/diarioregionaldigital.com.br\/index.php?rest_route=\/wp\/v2\/types\/post"}],"author":[{"embeddable":true,"href":"https:\/\/diarioregionaldigital.com.br\/index.php?rest_route=\/wp\/v2\/users\/246"}],"replies":[{"embeddable":true,"href":"https:\/\/diarioregionaldigital.com.br\/index.php?rest_route=%2Fwp%2Fv2%2Fcomments&post=210463"}],"version-history":[{"count":1,"href":"https:\/\/diarioregionaldigital.com.br\/index.php?rest_route=\/wp\/v2\/posts\/210463\/revisions"}],"predecessor-version":[{"id":210465,"href":"https:\/\/diarioregionaldigital.com.br\/index.php?rest_route=\/wp\/v2\/posts\/210463\/revisions\/210465"}],"wp:featuredmedia":[{"embeddable":true,"href":"https:\/\/diarioregionaldigital.com.br\/index.php?rest_route=\/wp\/v2\/media\/210464"}],"wp:attachment":[{"href":"https:\/\/diarioregionaldigital.com.br\/index.php?rest_route=%2Fwp%2Fv2%2Fmedia&parent=210463"}],"wp:term":[{"taxonomy":"category","embeddable":true,"href":"https:\/\/diarioregionaldigital.com.br\/index.php?rest_route=%2Fwp%2Fv2%2Fcategories&post=210463"},{"taxonomy":"post_tag","embeddable":true,"href":"https:\/\/diarioregionaldigital.com.br\/index.php?rest_route=%2Fwp%2Fv2%2Ftags&post=210463"}],"curies":[{"name":"wp","href":"https:\/\/api.w.org\/{rel}","templated":true}]}}