{"id":210460,"date":"2023-02-16T18:41:29","date_gmt":"2023-02-16T21:41:29","guid":{"rendered":"https:\/\/diarioregionaldigital.com.br\/?p=210460"},"modified":"2023-02-16T18:41:29","modified_gmt":"2023-02-16T21:41:29","slug":"judo-brasil-inicia-grand-slam-de-tel-aviv-com-duas-medalhas","status":"publish","type":"post","link":"https:\/\/diarioregionaldigital.com.br\/?p=210460","title":{"rendered":"Jud\u00f4: Brasil inicia Grand Slam de Tel Aviv com duas medalhas"},"content":{"rendered":"<p>O Brasil garantiu duas medalhas de bronze no primeiro dia de disputas do Grand Slam de Tel Aviv (Israel). As conquistas obtidas nesta quinta-feira (16) foram alcan\u00e7adas por Natasha Ferreira, na categoria ligeiro (at\u00e9 48 kg), e Larissa Pimenta, na meio-leve (at\u00e9 52 kg).<img decoding=\"async\" src=\"https:\/\/agenciabrasil.ebc.com.br\/ebc.png?id=1511076&amp;o=node\" \/><img decoding=\"async\" src=\"https:\/\/agenciabrasil.ebc.com.br\/ebc.gif?id=1511076&amp;o=node\" \/><\/p>\n<p>A primeira a subir ao p\u00f3dio foi Natasha Ferreira, que iniciou a disputa batendo a italiana Francesca Milani com um\u00a0<em>ippon<\/em>. Nas quartas a brasileira superou a espanhola Laura Abelenda, tamb\u00e9m por\u00a0<em>ippon<\/em>. Por\u00e9m, na semifinal a atleta do clube Sociedade Morgenau (Paran\u00e1) parou diante da israelense Tamar Malca, antes de vencer a cubana naturalizada americana Maria Celia Laborde para ficar com a medalha.<\/p>\n<p>\u201cEssa \u00e9 minha primeira medalha em Grand Slam, ent\u00e3o \u00e9 muito importante e estou muito feliz. Eu passei 28 dias aqui na Europa treinando, ent\u00e3o \u00e9 muito legal fechar esse per\u00edodo com uma medalha. Todo o esfor\u00e7o, o treinamento na Fran\u00e7a, fiz toda a diferen\u00e7a para a conquista desta medalha\u201d, declarou a atleta de 23 anos \u00e0 CBJ (Confedera\u00e7\u00e3o Brasileira de Jud\u00f4).<\/p>\n<p>Quem tamb\u00e9m comemorou muito nesta quinta foi Larissa Pimenta, que estreou na competi\u00e7\u00e3o com uma vit\u00f3ria por\u00a0<em>waza-ari<\/em>\u00a0sobre a israelense Paz Kafri. Por\u00e9m, ela caiu nas quartas diante da italiana Odette Giuffryda ap\u00f3s sofrer\u00a0<em>ippon<\/em>.<\/p>\n<p>Com este trope\u00e7o, a brasileira teve que disputar a repescagem, etapa na qual Pimenta bateu a polonesa Aleksandra Kaleta, o que lhe permitiu disputar o bronze com a alem\u00e3 Masha Ballhauss. E na disputa da medalha a atleta do Brasil n\u00e3o vacilou e imobilizou a \u00a0advers\u00e1ria por 20 segundos no ch\u00e3o para triunfar por\u00a0<em>ippon<\/em>.<\/p>\n<p>\u201cFazia tempo que eu estava com vontade de ganhar essa medalha. Estamos a poucos meses do Campeonato Mundial e isso \u00e9 muito importante para mim, para minha confian\u00e7a, para continuar acreditando\u201d, declarou.<\/p>\n<p><span style=\"font-weight: 400;\">Fonte: Ag\u00eancia Brasil <\/span><\/p>\n","protected":false},"excerpt":{"rendered":"<p>O Brasil garantiu duas medalhas de bronze no primeiro dia de disputas do Grand Slam de Tel Aviv (Israel). As conquistas obtidas nesta quinta-feira (16) foram alcan\u00e7adas por Natasha Ferreira, na categoria ligeiro (at\u00e9 48 kg), e Larissa Pimenta, na meio-leve (at\u00e9 52 kg). A primeira a subir ao p\u00f3dio foi Natasha Ferreira, que iniciou [&hellip;]<\/p>\n","protected":false},"author":246,"featured_media":210461,"comment_status":"closed","ping_status":"closed","sticky":false,"template":"","format":"standard","meta":{"footnotes":""},"categories":[436,257,439],"tags":[],"class_list":["post-210460","post","type-post","status-publish","format-standard","has-post-thumbnail","hentry","category-destaque-da-semana","category-esporte","category-ultima-hora"],"_links":{"self":[{"href":"https:\/\/diarioregionaldigital.com.br\/index.php?rest_route=\/wp\/v2\/posts\/210460","targetHints":{"allow":["GET"]}}],"collection":[{"href":"https:\/\/diarioregionaldigital.com.br\/index.php?rest_route=\/wp\/v2\/posts"}],"about":[{"href":"https:\/\/diarioregionaldigital.com.br\/index.php?rest_route=\/wp\/v2\/types\/post"}],"author":[{"embeddable":true,"href":"https:\/\/diarioregionaldigital.com.br\/index.php?rest_route=\/wp\/v2\/users\/246"}],"replies":[{"embeddable":true,"href":"https:\/\/diarioregionaldigital.com.br\/index.php?rest_route=%2Fwp%2Fv2%2Fcomments&post=210460"}],"version-history":[{"count":1,"href":"https:\/\/diarioregionaldigital.com.br\/index.php?rest_route=\/wp\/v2\/posts\/210460\/revisions"}],"predecessor-version":[{"id":210462,"href":"https:\/\/diarioregionaldigital.com.br\/index.php?rest_route=\/wp\/v2\/posts\/210460\/revisions\/210462"}],"wp:featuredmedia":[{"embeddable":true,"href":"https:\/\/diarioregionaldigital.com.br\/index.php?rest_route=\/wp\/v2\/media\/210461"}],"wp:attachment":[{"href":"https:\/\/diarioregionaldigital.com.br\/index.php?rest_route=%2Fwp%2Fv2%2Fmedia&parent=210460"}],"wp:term":[{"taxonomy":"category","embeddable":true,"href":"https:\/\/diarioregionaldigital.com.br\/index.php?rest_route=%2Fwp%2Fv2%2Fcategories&post=210460"},{"taxonomy":"post_tag","embeddable":true,"href":"https:\/\/diarioregionaldigital.com.br\/index.php?rest_route=%2Fwp%2Fv2%2Ftags&post=210460"}],"curies":[{"name":"wp","href":"https:\/\/api.w.org\/{rel}","templated":true}]}}