{"id":210451,"date":"2023-02-16T18:31:05","date_gmt":"2023-02-16T21:31:05","guid":{"rendered":"https:\/\/diarioregionaldigital.com.br\/?p=210451"},"modified":"2023-02-16T18:31:05","modified_gmt":"2023-02-16T21:31:05","slug":"governo-estuda-novo-fechamento-do-espaco-aereo-em-terra-yanomami","status":"publish","type":"post","link":"https:\/\/diarioregionaldigital.com.br\/?p=210451","title":{"rendered":"Governo estuda novo fechamento do espa\u00e7o a\u00e9reo em terra yanomami"},"content":{"rendered":"<p>O governo federal estuda fechar novamente o espa\u00e7o a\u00e9reo no territ\u00f3rio ind\u00edgena dos Yanomami, em Roraima, informou hoje (16) o ministro da Justi\u00e7a e Seguran\u00e7a P\u00fablica, Fl\u00e1vio Dino.<img decoding=\"async\" src=\"https:\/\/agenciabrasil.ebc.com.br\/ebc.png?id=1511080&amp;o=node\" \/><img decoding=\"async\" src=\"https:\/\/agenciabrasil.ebc.com.br\/ebc.gif?id=1511080&amp;o=node\" \/><\/p>\n<p>Corredores humanit\u00e1rios de voo foram abertos com o objetivo de permitir a sa\u00edda dos garimpeiros da terra ind\u00edgena.\u00a0<a href=\"https:\/\/agenciabrasil.ebc.com.br\/geral\/noticia\/2023-02\/fab-mantera-abertura-parcial-do-espaco-aereo-yanomami-ate-maio\" target=\"_blank\" rel=\"noopener\">A abertura do espa\u00e7o a\u00e9reo teria validade at\u00e9 o dia 13 de fevereiro, mas foi prorrogada para o dia 6 de maio<\/a>.<\/p>\n<p>O novo fechamento do espa\u00e7o a\u00e9reo, que deve ser adotado at\u00e9 pr\u00f3xima semana, visa acelerar a sa\u00edda dos garimpeiros ilegais que ainda est\u00e3o na regi\u00e3o. Na avalia\u00e7\u00e3o do Minist\u00e9rio da Justi\u00e7a, da For\u00e7a Nacional e da Pol\u00edcia Federal, a prorroga\u00e7\u00e3o da abertura do espa\u00e7o a\u00e9reo est\u00e1 gerando lentid\u00e3o para a sa\u00edda. Al\u00e9m do fechamento do espa\u00e7o a\u00e9reo, o ministro disse ainda que tanto a For\u00e7a Nacional quanto a Pol\u00edcia Federal t\u00eam intensificado as a\u00e7\u00f5es para apreens\u00e3o e inutiliza\u00e7\u00e3o de equipamentos dos garimpos.<\/p>\n<p>\u201cNa\u00a0<span id=\"OBJ_PREFIX_DWT136_com_zimbra_date\" role=\"link\">quarta<\/span>-feira pr\u00f3xima, eu e o ministro da Defesa, Jos\u00e9 M\u00facio, vamos fazer uma nova reuni\u00e3o para planejamento das pr\u00f3ximas etapas e provavelmente haver\u00e1 um novo fechamento do espa\u00e7o a\u00e9reo sobre o territ\u00f3rio yanomami nas pr\u00f3ximas semanas. Estamos avaliando, a PF junto conosco, a For\u00e7a Nacional e o Minist\u00e9rio da Defesa, de que esse novo fechamento deve ser antecipado para agilizar a sa\u00edda de garimpeiros que ainda permanecem, em pequeno n\u00famero, no territ\u00f3rio yanomami nesse momento\u201d, afirmou.<\/p>\n<h2>Conflito na Bahia<\/h2>\n<p>Sobre o conflito envolvendo ind\u00edgenas patax\u00f3 e fazendeiros no sul da Bahia, Dino disse que o minist\u00e9rio est\u00e1 em tratativa com o governo da Bahia para autorizar a atua\u00e7\u00e3o da For\u00e7a Nacional.<\/p>\n<p>Uma decis\u00e3o do ministro do Supremo Tribunal Federal (STF), Edson Fachin, de 2021, determinou que o uso da For\u00e7a Nacional nos estados s\u00f3 pode ocorrer ap\u00f3s autoriza\u00e7\u00e3o dos governadores.<\/p>\n<p>Em janeiro, dois ind\u00edgenas Patax\u00f3 foram\u00a0<a href=\"https:\/\/agenciabrasil.ebc.com.br\/direitos-humanos\/noticia\/2023-01\/dois-indigenas-pataxo-sao-assassinados-no-sul-da-bahia\" target=\"_blank\" rel=\"noopener\">assassinados<\/a>, no extremo sul da Bahia. Ap\u00f3s o crime, a ministra dos Povos Ind\u00edgenas, S\u00f4nia Guajajara,\u00a0solicitou ao Minist\u00e9rio da Justi\u00e7a e Seguran\u00e7a P\u00fablica o envio da For\u00e7a Nacional.<\/p>\n<p>\u201cConsultamos o estado da Bahia e est\u00e3o ocorrendo reuni\u00f5es entre os minist\u00e9rios e o governo do estado para definir se a For\u00e7a Nacional participa e em que termos\u201d, disse Dino, acrescentando que a PF tem atuado em parceria com a Pol\u00edcia Civil da Bahia na investiga\u00e7\u00e3o do caso.<\/p>\n<h2>Caso Marielle<\/h2>\n<p>O ministro anunciou ainda a cria\u00e7\u00e3o de uma for\u00e7a-tarefa, com a participa\u00e7\u00e3o da PF e do Minist\u00e9rio P\u00fablico do Rio\u00a0de Janeiro, para investiga\u00e7\u00e3o do caso da vereadora Marielle Franco e do motorista Anderson Gomes, assassinados em mar\u00e7o de 2018. A decis\u00e3o foi tomada ap\u00f3s Fl\u00e1vio Dino se reunir com o procurador-geral de Justi\u00e7a do Rio\u00a0de Janeiro, Luciano Mattos, nesta\u00a0quarta-feira (15).<\/p>\n<p>\u201cEla [a investiga\u00e7\u00e3o]\u00a0ter\u00e1 desdobramentos mediante essa coopera\u00e7\u00e3o definida com a designa\u00e7\u00e3o de uma for\u00e7a-tarefa de promotores e da Pol\u00edcia Federal para evolu\u00e7\u00e3o das investiga\u00e7\u00f5es desse terr\u00edvel homic\u00eddio\u201d, disse. \u201cN\u00e3o estamos abandonando a tese da federaliza\u00e7\u00e3o, estamos suspendendo a tese da federaliza\u00e7\u00e3o para, neste momento, privilegiarmos o trabalho conjunto entre a esfera federal e a esfera estadual\u201d.<\/p>\n<p><span style=\"font-weight: 400;\">Fonte: Ag\u00eancia Brasil <\/span><\/p>\n","protected":false},"excerpt":{"rendered":"<p>O governo federal estuda fechar novamente o espa\u00e7o a\u00e9reo no territ\u00f3rio ind\u00edgena dos Yanomami, em Roraima, informou hoje (16) o ministro da Justi\u00e7a e Seguran\u00e7a P\u00fablica, Fl\u00e1vio Dino. Corredores humanit\u00e1rios de voo foram abertos com o objetivo de permitir a sa\u00edda dos garimpeiros da terra ind\u00edgena.\u00a0A abertura do espa\u00e7o a\u00e9reo teria validade at\u00e9 o dia [&hellip;]<\/p>\n","protected":false},"author":246,"featured_media":210452,"comment_status":"closed","ping_status":"closed","sticky":false,"template":"","format":"standard","meta":{"footnotes":""},"categories":[436,254,439],"tags":[],"class_list":["post-210451","post","type-post","status-publish","format-standard","has-post-thumbnail","hentry","category-destaque-da-semana","category-politica","category-ultima-hora"],"_links":{"self":[{"href":"https:\/\/diarioregionaldigital.com.br\/index.php?rest_route=\/wp\/v2\/posts\/210451","targetHints":{"allow":["GET"]}}],"collection":[{"href":"https:\/\/diarioregionaldigital.com.br\/index.php?rest_route=\/wp\/v2\/posts"}],"about":[{"href":"https:\/\/diarioregionaldigital.com.br\/index.php?rest_route=\/wp\/v2\/types\/post"}],"author":[{"embeddable":true,"href":"https:\/\/diarioregionaldigital.com.br\/index.php?rest_route=\/wp\/v2\/users\/246"}],"replies":[{"embeddable":true,"href":"https:\/\/diarioregionaldigital.com.br\/index.php?rest_route=%2Fwp%2Fv2%2Fcomments&post=210451"}],"version-history":[{"count":1,"href":"https:\/\/diarioregionaldigital.com.br\/index.php?rest_route=\/wp\/v2\/posts\/210451\/revisions"}],"predecessor-version":[{"id":210453,"href":"https:\/\/diarioregionaldigital.com.br\/index.php?rest_route=\/wp\/v2\/posts\/210451\/revisions\/210453"}],"wp:featuredmedia":[{"embeddable":true,"href":"https:\/\/diarioregionaldigital.com.br\/index.php?rest_route=\/wp\/v2\/media\/210452"}],"wp:attachment":[{"href":"https:\/\/diarioregionaldigital.com.br\/index.php?rest_route=%2Fwp%2Fv2%2Fmedia&parent=210451"}],"wp:term":[{"taxonomy":"category","embeddable":true,"href":"https:\/\/diarioregionaldigital.com.br\/index.php?rest_route=%2Fwp%2Fv2%2Fcategories&post=210451"},{"taxonomy":"post_tag","embeddable":true,"href":"https:\/\/diarioregionaldigital.com.br\/index.php?rest_route=%2Fwp%2Fv2%2Ftags&post=210451"}],"curies":[{"name":"wp","href":"https:\/\/api.w.org\/{rel}","templated":true}]}}